{"id":53098,"date":"2026-09-05T08:34:12","date_gmt":"2026-09-05T06:34:12","guid":{"rendered":"https:\/\/www.opuzen.hr\/grad\/?p=53098"},"modified":"2026-09-05T08:34:39","modified_gmt":"2026-09-05T06:34:39","slug":"obavijest-korisnicima-o-obustavi-isporuje-vode","status":"publish","type":"post","link":"https:\/\/www.opuzen.hr\/grad\/obavijest-korisnicima-o-obustavi-isporuje-vode\/","title":{"rendered":"Obavijest korisnicima o obustavi isporuke vode"},"content":{"rendered":"<p>Neretvansko-primorsko-vrgorski vodovod d.o.o. \u2013 Podru\u010dje isporuke Opuzen obavje\u0161tava korisnike usluge javne vodoopskrbe da \u0107e dana 07.09.2026.godine (ponedjeljak) biti obustavljena isporuka vode za ljudsku potro\u0161nju zbog radova na izmje\u0161tanju vodovodne linije na poziciji &#8211; Tumbin ispod dr\u017eavne ceste D8.<\/p>\n<p>Obustavlja se isporuka vode za sljede\u0107e ulice:<\/p>\n<p>&#8211; Poslovna zona<br \/>\n&#8211; Dio ulice Strimen<br \/>\n&#8211; Ulica Pinovac<br \/>\n&#8211; Trgova\u010dki centri: PLODINE d.o.o. i AGRO NERETVA d.o.o.<br \/>\n&#8211; Poljoprivredna zemlji\u0161ta (Jasenska)<\/p>\n<p>Radovi su predvi\u0111eni u vremenskom periodu od 08.00h do 13.00h.<\/p>\n<p>Molimo korisnike za razumijevanje te da se na vrijeme opskrbe dovoljnim koli\u010dinama vode.<\/p>\n","protected":false},"excerpt":{"rendered":"<p>Neretvansko-primorsko-vrgorski vodovod d.o.o. \u2013 Podru\u010dje isporuke Opuzen obavje\u0161tava korisnike usluge javne vodoopskrbe da \u0107e dana&#8230;<\/p>\n","protected":false},"author":3,"featured_media":3409,"comment_status":"closed","ping_status":"closed","sticky":false,"template":"","format":"standard","meta":{"footnotes":""},"categories":[4],"tags":[],"class_list":["post-53098","post","type-post","status-publish","format-standard","has-post-thumbnail","hentry","category-novosti","wpcat-4-id"],"yoast_head":"<!-- This site is optimized with the Yoast SEO plugin v23.1 - https:\/\/yoast.com\/wordpress\/plugins\/seo\/ -->\n<title>Obavijest korisnicima o obustavi isporuke vode - Grad Opuzen<\/title>\n<meta name=\"robots\" content=\"index, follow, max-snippet:-1, max-image-preview:large, max-video-preview:-1\" \/>\n<link rel=\"canonical\" href=\"https:\/\/www.opuzen.hr\/grad\/obavijest-korisnicima-o-obustavi-isporuje-vode\/\" \/>\n<meta property=\"og:locale\" content=\"hr_HR\" \/>\n<meta property=\"og:type\" content=\"article\" \/>\n<meta property=\"og:title\" content=\"Obavijest korisnicima o obustavi isporuke vode - Grad Opuzen\" \/>\n<meta property=\"og:description\" content=\"Neretvansko-primorsko-vrgorski vodovod d.o.o. \u2013 Podru\u010dje isporuke Opuzen obavje\u0161tava korisnike usluge javne vodoopskrbe da \u0107e dana...\" \/>\n<meta property=\"og:url\" content=\"https:\/\/www.opuzen.hr\/grad\/obavijest-korisnicima-o-obustavi-isporuje-vode\/\" \/>\n<meta property=\"og:site_name\" content=\"Grad Opuzen\" \/>\n<meta property=\"article:published_time\" content=\"2026-09-05T06:34:12+00:00\" \/>\n<meta property=\"article:modified_time\" content=\"2026-09-05T06:34:39+00:00\" \/>\n<meta property=\"og:image\" content=\"https:\/\/www.opuzen.hr\/grad\/wp-content\/uploads\/2019\/02\/voda.jpg\" \/>\n\t<meta property=\"og:image:width\" content=\"1000\" \/>\n\t<meta property=\"og:image:height\" content=\"620\" \/>\n\t<meta property=\"og:image:type\" content=\"image\/jpeg\" \/>\n<meta name=\"author\" content=\"Grad Opuzen\" \/>\n<meta name=\"twitter:card\" content=\"summary_large_image\" \/>\n<meta name=\"twitter:label1\" content=\"Napisao\/la\" \/>\n\t<meta name=\"twitter:data1\" content=\"Grad Opuzen\" \/>\n\t<meta name=\"twitter:label2\" content=\"Procijenjeno vrijeme \u010ditanja\" \/>\n\t<meta name=\"twitter:data2\" content=\"1 minuta\" \/>\n<script type=\"application\/ld+json\" class=\"yoast-schema-graph\">{\"@context\":\"https:\/\/schema.org\",\"@graph\":[{\"@type\":\"Article\",\"@id\":\"https:\/\/www.opuzen.hr\/grad\/obavijest-korisnicima-o-obustavi-isporuje-vode\/#article\",\"isPartOf\":{\"@id\":\"https:\/\/www.opuzen.hr\/grad\/obavijest-korisnicima-o-obustavi-isporuje-vode\/\"},\"author\":{\"name\":\"Grad Opuzen\",\"@id\":\"https:\/\/www.opuzen.hr\/grad\/#\/schema\/person\/0a17a9796898e9409a1fa4ca7448a481\"},\"headline\":\"Obavijest korisnicima o obustavi isporuke vode\",\"datePublished\":\"2026-09-05T06:34:12+00:00\",\"dateModified\":\"2026-09-05T06:34:39+00:00\",\"mainEntityOfPage\":{\"@id\":\"https:\/\/www.opuzen.hr\/grad\/obavijest-korisnicima-o-obustavi-isporuje-vode\/\"},\"wordCount\":112,\"publisher\":{\"@id\":\"https:\/\/www.opuzen.hr\/grad\/#organization\"},\"image\":{\"@id\":\"https:\/\/www.opuzen.hr\/grad\/obavijest-korisnicima-o-obustavi-isporuje-vode\/#primaryimage\"},\"thumbnailUrl\":\"https:\/\/www.opuzen.hr\/grad\/wp-content\/uploads\/2019\/02\/voda.jpg\",\"articleSection\":[\"Novosti\"],\"inLanguage\":\"hr\"},{\"@type\":\"WebPage\",\"@id\":\"https:\/\/www.opuzen.hr\/grad\/obavijest-korisnicima-o-obustavi-isporuje-vode\/\",\"url\":\"https:\/\/www.opuzen.hr\/grad\/obavijest-korisnicima-o-obustavi-isporuje-vode\/\",\"name\":\"Obavijest korisnicima o obustavi isporuke vode - Grad Opuzen\",\"isPartOf\":{\"@id\":\"https:\/\/www.opuzen.hr\/grad\/#website\"},\"primaryImageOfPage\":{\"@id\":\"https:\/\/www.opuzen.hr\/grad\/obavijest-korisnicima-o-obustavi-isporuje-vode\/#primaryimage\"},\"image\":{\"@id\":\"https:\/\/www.opuzen.hr\/grad\/obavijest-korisnicima-o-obustavi-isporuje-vode\/#primaryimage\"},\"thumbnailUrl\":\"https:\/\/www.opuzen.hr\/grad\/wp-content\/uploads\/2019\/02\/voda.jpg\",\"datePublished\":\"2026-09-05T06:34:12+00:00\",\"dateModified\":\"2026-09-05T06:34:39+00:00\",\"breadcrumb\":{\"@id\":\"https:\/\/www.opuzen.hr\/grad\/obavijest-korisnicima-o-obustavi-isporuje-vode\/#breadcrumb\"},\"inLanguage\":\"hr\",\"potentialAction\":[{\"@type\":\"ReadAction\",\"target\":[\"https:\/\/www.opuzen.hr\/grad\/obavijest-korisnicima-o-obustavi-isporuje-vode\/\"]}]},{\"@type\":\"ImageObject\",\"inLanguage\":\"hr\",\"@id\":\"https:\/\/www.opuzen.hr\/grad\/obavijest-korisnicima-o-obustavi-isporuje-vode\/#primaryimage\",\"url\":\"https:\/\/www.opuzen.hr\/grad\/wp-content\/uploads\/2019\/02\/voda.jpg\",\"contentUrl\":\"https:\/\/www.opuzen.hr\/grad\/wp-content\/uploads\/2019\/02\/voda.jpg\",\"width\":1000,\"height\":620},{\"@type\":\"BreadcrumbList\",\"@id\":\"https:\/\/www.opuzen.hr\/grad\/obavijest-korisnicima-o-obustavi-isporuje-vode\/#breadcrumb\",\"itemListElement\":[{\"@type\":\"ListItem\",\"position\":1,\"name\":\"Po\u010detna stranica\",\"item\":\"https:\/\/www.opuzen.hr\/grad\/\"},{\"@type\":\"ListItem\",\"position\":2,\"name\":\"Obavijest korisnicima o obustavi isporuke vode\"}]},{\"@type\":\"WebSite\",\"@id\":\"https:\/\/www.opuzen.hr\/grad\/#website\",\"url\":\"https:\/\/www.opuzen.hr\/grad\/\",\"name\":\"Grad Opuzen\",\"description\":\"Slu\u017ebene mre\u017ene stranice Grada Opuzena\",\"publisher\":{\"@id\":\"https:\/\/www.opuzen.hr\/grad\/#organization\"},\"potentialAction\":[{\"@type\":\"SearchAction\",\"target\":{\"@type\":\"EntryPoint\",\"urlTemplate\":\"https:\/\/www.opuzen.hr\/grad\/?s={search_term_string}\"},\"query-input\":\"required name=search_term_string\"}],\"inLanguage\":\"hr\"},{\"@type\":\"Organization\",\"@id\":\"https:\/\/www.opuzen.hr\/grad\/#organization\",\"name\":\"Grad Opuzen\",\"url\":\"https:\/\/www.opuzen.hr\/grad\/\",\"logo\":{\"@type\":\"ImageObject\",\"inLanguage\":\"hr\",\"@id\":\"https:\/\/www.opuzen.hr\/grad\/#\/schema\/logo\/image\/\",\"url\":\"https:\/\/www.opuzen.hr\/grad\/wp-content\/uploads\/2018\/02\/logo-opuzen.jpg\",\"contentUrl\":\"https:\/\/www.opuzen.hr\/grad\/wp-content\/uploads\/2018\/02\/logo-opuzen.jpg\",\"width\":400,\"height\":400,\"caption\":\"Grad Opuzen\"},\"image\":{\"@id\":\"https:\/\/www.opuzen.hr\/grad\/#\/schema\/logo\/image\/\"}},{\"@type\":\"Person\",\"@id\":\"https:\/\/www.opuzen.hr\/grad\/#\/schema\/person\/0a17a9796898e9409a1fa4ca7448a481\",\"name\":\"Grad Opuzen\",\"image\":{\"@type\":\"ImageObject\",\"inLanguage\":\"hr\",\"@id\":\"https:\/\/www.opuzen.hr\/grad\/#\/schema\/person\/image\/\",\"url\":\"https:\/\/secure.gravatar.com\/avatar\/0c54089de4fcf14c0fe3355109a3ac05?s=96&d=mm&r=g\",\"contentUrl\":\"https:\/\/secure.gravatar.com\/avatar\/0c54089de4fcf14c0fe3355109a3ac05?s=96&d=mm&r=g\",\"caption\":\"Grad Opuzen\"},\"url\":\"https:\/\/www.opuzen.hr\/grad\/author\/admin\/\"}]}<\/script>\n<!-- \/ Yoast SEO plugin. -->","yoast_head_json":{"title":"Obavijest korisnicima o obustavi isporuke vode - Grad Opuzen","robots":{"index":"index","follow":"follow","max-snippet":"max-snippet:-1","max-image-preview":"max-image-preview:large","max-video-preview":"max-video-preview:-1"},"canonical":"https:\/\/www.opuzen.hr\/grad\/obavijest-korisnicima-o-obustavi-isporuje-vode\/","og_locale":"hr_HR","og_type":"article","og_title":"Obavijest korisnicima o obustavi isporuke vode - Grad Opuzen","og_description":"Neretvansko-primorsko-vrgorski vodovod d.o.o. \u2013 Podru\u010dje isporuke Opuzen obavje\u0161tava korisnike usluge javne vodoopskrbe da \u0107e dana...","og_url":"https:\/\/www.opuzen.hr\/grad\/obavijest-korisnicima-o-obustavi-isporuje-vode\/","og_site_name":"Grad Opuzen","article_published_time":"2026-09-05T06:34:12+00:00","article_modified_time":"2026-09-05T06:34:39+00:00","og_image":[{"width":1000,"height":620,"url":"https:\/\/www.opuzen.hr\/grad\/wp-content\/uploads\/2019\/02\/voda.jpg","type":"image\/jpeg"}],"author":"Grad Opuzen","twitter_card":"summary_large_image","twitter_misc":{"Napisao\/la":"Grad Opuzen","Procijenjeno vrijeme \u010ditanja":"1 minuta"},"schema":{"@context":"https:\/\/schema.org","@graph":[{"@type":"Article","@id":"https:\/\/www.opuzen.hr\/grad\/obavijest-korisnicima-o-obustavi-isporuje-vode\/#article","isPartOf":{"@id":"https:\/\/www.opuzen.hr\/grad\/obavijest-korisnicima-o-obustavi-isporuje-vode\/"},"author":{"name":"Grad Opuzen","@id":"https:\/\/www.opuzen.hr\/grad\/#\/schema\/person\/0a17a9796898e9409a1fa4ca7448a481"},"headline":"Obavijest korisnicima o obustavi isporuke vode","datePublished":"2026-09-05T06:34:12+00:00","dateModified":"2026-09-05T06:34:39+00:00","mainEntityOfPage":{"@id":"https:\/\/www.opuzen.hr\/grad\/obavijest-korisnicima-o-obustavi-isporuje-vode\/"},"wordCount":112,"publisher":{"@id":"https:\/\/www.opuzen.hr\/grad\/#organization"},"image":{"@id":"https:\/\/www.opuzen.hr\/grad\/obavijest-korisnicima-o-obustavi-isporuje-vode\/#primaryimage"},"thumbnailUrl":"https:\/\/www.opuzen.hr\/grad\/wp-content\/uploads\/2019\/02\/voda.jpg","articleSection":["Novosti"],"inLanguage":"hr"},{"@type":"WebPage","@id":"https:\/\/www.opuzen.hr\/grad\/obavijest-korisnicima-o-obustavi-isporuje-vode\/","url":"https:\/\/www.opuzen.hr\/grad\/obavijest-korisnicima-o-obustavi-isporuje-vode\/","name":"Obavijest korisnicima o obustavi isporuke vode - Grad Opuzen","isPartOf":{"@id":"https:\/\/www.opuzen.hr\/grad\/#website"},"primaryImageOfPage":{"@id":"https:\/\/www.opuzen.hr\/grad\/obavijest-korisnicima-o-obustavi-isporuje-vode\/#primaryimage"},"image":{"@id":"https:\/\/www.opuzen.hr\/grad\/obavijest-korisnicima-o-obustavi-isporuje-vode\/#primaryimage"},"thumbnailUrl":"https:\/\/www.opuzen.hr\/grad\/wp-content\/uploads\/2019\/02\/voda.jpg","datePublished":"2026-09-05T06:34:12+00:00","dateModified":"2026-09-05T06:34:39+00:00","breadcrumb":{"@id":"https:\/\/www.opuzen.hr\/grad\/obavijest-korisnicima-o-obustavi-isporuje-vode\/#breadcrumb"},"inLanguage":"hr","potentialAction":[{"@type":"ReadAction","target":["https:\/\/www.opuzen.hr\/grad\/obavijest-korisnicima-o-obustavi-isporuje-vode\/"]}]},{"@type":"ImageObject","inLanguage":"hr","@id":"https:\/\/www.opuzen.hr\/grad\/obavijest-korisnicima-o-obustavi-isporuje-vode\/#primaryimage","url":"https:\/\/www.opuzen.hr\/grad\/wp-content\/uploads\/2019\/02\/voda.jpg","contentUrl":"https:\/\/www.opuzen.hr\/grad\/wp-content\/uploads\/2019\/02\/voda.jpg","width":1000,"height":620},{"@type":"BreadcrumbList","@id":"https:\/\/www.opuzen.hr\/grad\/obavijest-korisnicima-o-obustavi-isporuje-vode\/#breadcrumb","itemListElement":[{"@type":"ListItem","position":1,"name":"Po\u010detna stranica","item":"https:\/\/www.opuzen.hr\/grad\/"},{"@type":"ListItem","position":2,"name":"Obavijest korisnicima o obustavi isporuke vode"}]},{"@type":"WebSite","@id":"https:\/\/www.opuzen.hr\/grad\/#website","url":"https:\/\/www.opuzen.hr\/grad\/","name":"Grad Opuzen","description":"Slu\u017ebene mre\u017ene stranice Grada Opuzena","publisher":{"@id":"https:\/\/www.opuzen.hr\/grad\/#organization"},"potentialAction":[{"@type":"SearchAction","target":{"@type":"EntryPoint","urlTemplate":"https:\/\/www.opuzen.hr\/grad\/?s={search_term_string}"},"query-input":"required name=search_term_string"}],"inLanguage":"hr"},{"@type":"Organization","@id":"https:\/\/www.opuzen.hr\/grad\/#organization","name":"Grad Opuzen","url":"https:\/\/www.opuzen.hr\/grad\/","logo":{"@type":"ImageObject","inLanguage":"hr","@id":"https:\/\/www.opuzen.hr\/grad\/#\/schema\/logo\/image\/","url":"https:\/\/www.opuzen.hr\/grad\/wp-content\/uploads\/2018\/02\/logo-opuzen.jpg","contentUrl":"https:\/\/www.opuzen.hr\/grad\/wp-content\/uploads\/2018\/02\/logo-opuzen.jpg","width":400,"height":400,"caption":"Grad Opuzen"},"image":{"@id":"https:\/\/www.opuzen.hr\/grad\/#\/schema\/logo\/image\/"}},{"@type":"Person","@id":"https:\/\/www.opuzen.hr\/grad\/#\/schema\/person\/0a17a9796898e9409a1fa4ca7448a481","name":"Grad Opuzen","image":{"@type":"ImageObject","inLanguage":"hr","@id":"https:\/\/www.opuzen.hr\/grad\/#\/schema\/person\/image\/","url":"https:\/\/secure.gravatar.com\/avatar\/0c54089de4fcf14c0fe3355109a3ac05?s=96&d=mm&r=g","contentUrl":"https:\/\/secure.gravatar.com\/avatar\/0c54089de4fcf14c0fe3355109a3ac05?s=96&d=mm&r=g","caption":"Grad Opuzen"},"url":"https:\/\/www.opuzen.hr\/grad\/author\/admin\/"}]}},"_links":{"self":[{"href":"https:\/\/www.opuzen.hr\/grad\/wp-json\/wp\/v2\/posts\/53098"}],"collection":[{"href":"https:\/\/www.opuzen.hr\/grad\/wp-json\/wp\/v2\/posts"}],"about":[{"href":"https:\/\/www.opuzen.hr\/grad\/wp-json\/wp\/v2\/types\/post"}],"author":[{"embeddable":true,"href":"https:\/\/www.opuzen.hr\/grad\/wp-json\/wp\/v2\/users\/3"}],"replies":[{"embeddable":true,"href":"https:\/\/www.opuzen.hr\/grad\/wp-json\/wp\/v2\/comments?post=53098"}],"version-history":[{"count":3,"href":"https:\/\/www.opuzen.hr\/grad\/wp-json\/wp\/v2\/posts\/53098\/revisions"}],"predecessor-version":[{"id":53101,"href":"https:\/\/www.opuzen.hr\/grad\/wp-json\/wp\/v2\/posts\/53098\/revisions\/53101"}],"wp:featuredmedia":[{"embeddable":true,"href":"https:\/\/www.opuzen.hr\/grad\/wp-json\/wp\/v2\/media\/3409"}],"wp:attachment":[{"href":"https:\/\/www.opuzen.hr\/grad\/wp-json\/wp\/v2\/media?parent=53098"}],"wp:term":[{"taxonomy":"category","embeddable":true,"href":"https:\/\/www.opuzen.hr\/grad\/wp-json\/wp\/v2\/categories?post=53098"},{"taxonomy":"post_tag","embeddable":true,"href":"https:\/\/www.opuzen.hr\/grad\/wp-json\/wp\/v2\/tags?post=53098"}],"curies":[{"name":"wp","href":"https:\/\/api.w.org\/{rel}","templated":true}]}}