{"id":5509,"date":"2019-08-12T20:00:22","date_gmt":"2019-08-12T18:00:22","guid":{"rendered":"https:\/\/www.opuzen.hr\/grad\/?p=5509"},"modified":"2023-10-12T13:28:48","modified_gmt":"2023-10-12T11:28:48","slug":"natjecaj-za-izbor-i-imenovanje-ravnatelja-ice-gradske-knjiznice-opuzen","status":"publish","type":"post","link":"https:\/\/www.opuzen.hr\/grad\/natjecaj-za-izbor-i-imenovanje-ravnatelja-ice-gradske-knjiznice-opuzen\/","title":{"rendered":"Natje\u010daj za izbor i imenovanje ravnatelja\/ice Gradske knji\u017enice Opuzen"},"content":{"rendered":"<p>Na temelju \u010dlanka 27. Zakona o knji\u017enicama (\u201eNarodne novine\u201c, broj: 105\/97, 5\/98, 104\/00, 87\/08 i 69\/09) i \u010dlanka 34. Statuta Grada Opuzena (\u201eSlu\u017ebeni glasnik Grada Opuzena\u201c, broj: 3\/13 i 2\/18 &#8211; Statutarna odluka o izmjenama i dopunama Statuta Grada Opuzena), Gradsko vije\u0107e Grada Opuzena raspisuje<!--more--><\/p>\n<p style=\"text-align: center;\"><strong>NATJE\u010cAJ<\/strong><br \/>\n<strong>za izbor i imenovanje ravnatelja\/ice<\/strong><br \/>\n<strong>Gradske knji\u017enice Opuzen<\/strong><\/p>\n<ul>\n<li><strong>1 (jedan) izvr\u0161itelj\/ica, na puno radno<\/strong><\/li>\n<\/ul>\n<p>Za ravnatelja\/icu Gradske knji\u017enice Opuzen mo\u017ee se, na temelju predlo\u017eenog \u010detverogodi\u0161njeg plana rada, imenovati osoba koja ima zavr\u0161en diplomski sveu\u010dili\u0161ni studij ili integrirani preddiplomski i diplomski sveu\u010dili\u0161ni studij ili specijalisti\u010dki diplomski stru\u010dni studij ili s njim izjedna\u010den studij, polo\u017een stru\u010dni knji\u017eni\u010darski ispit, najmanje pet godina rada u knji\u017enici i koja se odlikuje stru\u010dnim, radnim i organizacijskim sposobnostima.<\/p>\n<p>Iznimno, ako se na ponovljeni natje\u010daj ne javi osoba koja ima propisane uvjete za ravnatelja knji\u017enice, mo\u017ee se na temelju predlo\u017eenog \u010detverogodi\u0161njeg plana rada imenovati osoba koja ima zavr\u0161en diplomski sveu\u010dili\u0161ni studij ili integrirani preddiplomski i diplomski sveu\u010dili\u0161ni studij ili specijalisti\u010dki diplomski stru\u010dni studij ili s njim izjedna\u010den studij, uz uvjet polaganja stru\u010dnog knji\u017eni\u010darskog ispita u roku od tri godine od dana imenovanja, te ispunjava druge uvjete propisane statutom.<\/p>\n<h3><strong>Natje\u010daj mo\u017eete preuzeti putem priloga sadr\u017eaja.<\/strong><\/h3>\n<!-- WP Attachments -->\r\n        <div style=\"width:100%;margin:10px 0 10px 0;\">\r\n            <h3>Prilozi sadr\u017eaju:<\/h3>\r\n        <ul class=\"post-attachments\"><li class=\"post-attachment mime-application-pdf\">                                \r\n<a target=\"_blank\" href=\"https:\/\/www.opuzen.hr\/grad\/natjecaj-za-izbor-i-imenovanje-ravnatelja-ice-gradske-knjiznice-opuzen\/?download=5510\">Natje\u010daj za izbor i imenovanje ravnatelja\/ice Gradske knji\u017enice Opuzen<\/a><div style=\"float:right;\">112 kB \/ Preuzeto: 489<\/div>\r\n<br><small><\/small><\/li><\/ul><\/div>","protected":false},"excerpt":{"rendered":"<p>Na temelju \u010dlanka 27. Zakona o knji\u017enicama (\u201eNarodne novine\u201c, broj: 105\/97, 5\/98, 104\/00, 87\/08 i&#8230;<\/p>\n","protected":false},"author":3,"featured_media":29,"comment_status":"closed","ping_status":"closed","sticky":false,"template":"","format":"standard","meta":{"footnotes":""},"categories":[113],"tags":[18,11],"class_list":["post-5509","post","type-post","status-publish","format-standard","has-post-thumbnail","hentry","category-natjecaji-grad-opuzen","tag-natjecaji","tag-opuzen","wpcat-113-id"],"yoast_head":"<!-- This site is optimized with the Yoast SEO plugin v23.1 - https:\/\/yoast.com\/wordpress\/plugins\/seo\/ -->\n<title>Natje\u010daj za izbor i imenovanje ravnatelja\/ice Gradske knji\u017enice Opuzen - Grad Opuzen<\/title>\n<meta name=\"robots\" content=\"index, follow, max-snippet:-1, max-image-preview:large, max-video-preview:-1\" \/>\n<link rel=\"canonical\" href=\"https:\/\/www.opuzen.hr\/grad\/natjecaj-za-izbor-i-imenovanje-ravnatelja-ice-gradske-knjiznice-opuzen\/\" \/>\n<meta property=\"og:locale\" content=\"hr_HR\" \/>\n<meta property=\"og:type\" content=\"article\" \/>\n<meta property=\"og:title\" content=\"Natje\u010daj za izbor i imenovanje ravnatelja\/ice Gradske knji\u017enice Opuzen - Grad Opuzen\" \/>\n<meta property=\"og:description\" content=\"Na temelju \u010dlanka 27. Zakona o knji\u017enicama (\u201eNarodne novine\u201c, broj: 105\/97, 5\/98, 104\/00, 87\/08 i...\" \/>\n<meta property=\"og:url\" content=\"https:\/\/www.opuzen.hr\/grad\/natjecaj-za-izbor-i-imenovanje-ravnatelja-ice-gradske-knjiznice-opuzen\/\" \/>\n<meta property=\"og:site_name\" content=\"Grad Opuzen\" \/>\n<meta property=\"article:published_time\" content=\"2019-08-12T18:00:22+00:00\" \/>\n<meta property=\"article:modified_time\" content=\"2023-10-12T11:28:48+00:00\" \/>\n<meta property=\"og:image\" content=\"https:\/\/www.opuzen.hr\/grad\/wp-content\/uploads\/2018\/02\/Grad_Opuzen_SLSTR_intro-e1519545580645.jpeg\" \/>\n\t<meta property=\"og:image:width\" content=\"800\" \/>\n\t<meta property=\"og:image:height\" content=\"498\" \/>\n\t<meta property=\"og:image:type\" content=\"image\/jpeg\" \/>\n<meta name=\"author\" content=\"Grad Opuzen\" \/>\n<meta name=\"twitter:card\" content=\"summary_large_image\" \/>\n<meta name=\"twitter:label1\" content=\"Napisao\/la\" \/>\n\t<meta name=\"twitter:data1\" content=\"Grad Opuzen\" \/>\n\t<meta name=\"twitter:label2\" content=\"Procijenjeno vrijeme \u010ditanja\" \/>\n\t<meta name=\"twitter:data2\" content=\"1 minuta\" \/>\n<script type=\"application\/ld+json\" class=\"yoast-schema-graph\">{\"@context\":\"https:\/\/schema.org\",\"@graph\":[{\"@type\":\"Article\",\"@id\":\"https:\/\/www.opuzen.hr\/grad\/natjecaj-za-izbor-i-imenovanje-ravnatelja-ice-gradske-knjiznice-opuzen\/#article\",\"isPartOf\":{\"@id\":\"https:\/\/www.opuzen.hr\/grad\/natjecaj-za-izbor-i-imenovanje-ravnatelja-ice-gradske-knjiznice-opuzen\/\"},\"author\":{\"name\":\"Grad Opuzen\",\"@id\":\"https:\/\/www.opuzen.hr\/grad\/#\/schema\/person\/0a17a9796898e9409a1fa4ca7448a481\"},\"headline\":\"Natje\u010daj za izbor i imenovanje ravnatelja\/ice Gradske knji\u017enice Opuzen\",\"datePublished\":\"2019-08-12T18:00:22+00:00\",\"dateModified\":\"2023-10-12T11:28:48+00:00\",\"mainEntityOfPage\":{\"@id\":\"https:\/\/www.opuzen.hr\/grad\/natjecaj-za-izbor-i-imenovanje-ravnatelja-ice-gradske-knjiznice-opuzen\/\"},\"wordCount\":240,\"publisher\":{\"@id\":\"https:\/\/www.opuzen.hr\/grad\/#organization\"},\"image\":{\"@id\":\"https:\/\/www.opuzen.hr\/grad\/natjecaj-za-izbor-i-imenovanje-ravnatelja-ice-gradske-knjiznice-opuzen\/#primaryimage\"},\"thumbnailUrl\":\"https:\/\/www.opuzen.hr\/grad\/wp-content\/uploads\/2018\/02\/Grad_Opuzen_SLSTR_intro-e1519545580645.jpeg\",\"keywords\":[\"Natje\u010daji\",\"Opuzen\"],\"articleSection\":[\"Natje\u010daji Grad Opuzen\"],\"inLanguage\":\"hr\"},{\"@type\":\"WebPage\",\"@id\":\"https:\/\/www.opuzen.hr\/grad\/natjecaj-za-izbor-i-imenovanje-ravnatelja-ice-gradske-knjiznice-opuzen\/\",\"url\":\"https:\/\/www.opuzen.hr\/grad\/natjecaj-za-izbor-i-imenovanje-ravnatelja-ice-gradske-knjiznice-opuzen\/\",\"name\":\"Natje\u010daj za izbor i imenovanje ravnatelja\/ice Gradske knji\u017enice Opuzen - Grad Opuzen\",\"isPartOf\":{\"@id\":\"https:\/\/www.opuzen.hr\/grad\/#website\"},\"primaryImageOfPage\":{\"@id\":\"https:\/\/www.opuzen.hr\/grad\/natjecaj-za-izbor-i-imenovanje-ravnatelja-ice-gradske-knjiznice-opuzen\/#primaryimage\"},\"image\":{\"@id\":\"https:\/\/www.opuzen.hr\/grad\/natjecaj-za-izbor-i-imenovanje-ravnatelja-ice-gradske-knjiznice-opuzen\/#primaryimage\"},\"thumbnailUrl\":\"https:\/\/www.opuzen.hr\/grad\/wp-content\/uploads\/2018\/02\/Grad_Opuzen_SLSTR_intro-e1519545580645.jpeg\",\"datePublished\":\"2019-08-12T18:00:22+00:00\",\"dateModified\":\"2023-10-12T11:28:48+00:00\",\"breadcrumb\":{\"@id\":\"https:\/\/www.opuzen.hr\/grad\/natjecaj-za-izbor-i-imenovanje-ravnatelja-ice-gradske-knjiznice-opuzen\/#breadcrumb\"},\"inLanguage\":\"hr\",\"potentialAction\":[{\"@type\":\"ReadAction\",\"target\":[\"https:\/\/www.opuzen.hr\/grad\/natjecaj-za-izbor-i-imenovanje-ravnatelja-ice-gradske-knjiznice-opuzen\/\"]}]},{\"@type\":\"ImageObject\",\"inLanguage\":\"hr\",\"@id\":\"https:\/\/www.opuzen.hr\/grad\/natjecaj-za-izbor-i-imenovanje-ravnatelja-ice-gradske-knjiznice-opuzen\/#primaryimage\",\"url\":\"https:\/\/www.opuzen.hr\/grad\/wp-content\/uploads\/2018\/02\/Grad_Opuzen_SLSTR_intro-e1519545580645.jpeg\",\"contentUrl\":\"https:\/\/www.opuzen.hr\/grad\/wp-content\/uploads\/2018\/02\/Grad_Opuzen_SLSTR_intro-e1519545580645.jpeg\",\"width\":800,\"height\":498},{\"@type\":\"BreadcrumbList\",\"@id\":\"https:\/\/www.opuzen.hr\/grad\/natjecaj-za-izbor-i-imenovanje-ravnatelja-ice-gradske-knjiznice-opuzen\/#breadcrumb\",\"itemListElement\":[{\"@type\":\"ListItem\",\"position\":1,\"name\":\"Po\u010detna stranica\",\"item\":\"https:\/\/www.opuzen.hr\/grad\/\"},{\"@type\":\"ListItem\",\"position\":2,\"name\":\"Natje\u010daj za izbor i imenovanje ravnatelja\/ice Gradske knji\u017enice Opuzen\"}]},{\"@type\":\"WebSite\",\"@id\":\"https:\/\/www.opuzen.hr\/grad\/#website\",\"url\":\"https:\/\/www.opuzen.hr\/grad\/\",\"name\":\"Grad Opuzen\",\"description\":\"Slu\u017ebene mre\u017ene stranice Grada Opuzena\",\"publisher\":{\"@id\":\"https:\/\/www.opuzen.hr\/grad\/#organization\"},\"potentialAction\":[{\"@type\":\"SearchAction\",\"target\":{\"@type\":\"EntryPoint\",\"urlTemplate\":\"https:\/\/www.opuzen.hr\/grad\/?s={search_term_string}\"},\"query-input\":\"required name=search_term_string\"}],\"inLanguage\":\"hr\"},{\"@type\":\"Organization\",\"@id\":\"https:\/\/www.opuzen.hr\/grad\/#organization\",\"name\":\"Grad Opuzen\",\"url\":\"https:\/\/www.opuzen.hr\/grad\/\",\"logo\":{\"@type\":\"ImageObject\",\"inLanguage\":\"hr\",\"@id\":\"https:\/\/www.opuzen.hr\/grad\/#\/schema\/logo\/image\/\",\"url\":\"https:\/\/www.opuzen.hr\/grad\/wp-content\/uploads\/2018\/02\/logo-opuzen.jpg\",\"contentUrl\":\"https:\/\/www.opuzen.hr\/grad\/wp-content\/uploads\/2018\/02\/logo-opuzen.jpg\",\"width\":400,\"height\":400,\"caption\":\"Grad Opuzen\"},\"image\":{\"@id\":\"https:\/\/www.opuzen.hr\/grad\/#\/schema\/logo\/image\/\"}},{\"@type\":\"Person\",\"@id\":\"https:\/\/www.opuzen.hr\/grad\/#\/schema\/person\/0a17a9796898e9409a1fa4ca7448a481\",\"name\":\"Grad Opuzen\",\"image\":{\"@type\":\"ImageObject\",\"inLanguage\":\"hr\",\"@id\":\"https:\/\/www.opuzen.hr\/grad\/#\/schema\/person\/image\/\",\"url\":\"https:\/\/secure.gravatar.com\/avatar\/0c54089de4fcf14c0fe3355109a3ac05?s=96&d=mm&r=g\",\"contentUrl\":\"https:\/\/secure.gravatar.com\/avatar\/0c54089de4fcf14c0fe3355109a3ac05?s=96&d=mm&r=g\",\"caption\":\"Grad Opuzen\"},\"url\":\"https:\/\/www.opuzen.hr\/grad\/author\/admin\/\"}]}<\/script>\n<!-- \/ Yoast SEO plugin. -->","yoast_head_json":{"title":"Natje\u010daj za izbor i imenovanje ravnatelja\/ice Gradske knji\u017enice Opuzen - Grad Opuzen","robots":{"index":"index","follow":"follow","max-snippet":"max-snippet:-1","max-image-preview":"max-image-preview:large","max-video-preview":"max-video-preview:-1"},"canonical":"https:\/\/www.opuzen.hr\/grad\/natjecaj-za-izbor-i-imenovanje-ravnatelja-ice-gradske-knjiznice-opuzen\/","og_locale":"hr_HR","og_type":"article","og_title":"Natje\u010daj za izbor i imenovanje ravnatelja\/ice Gradske knji\u017enice Opuzen - Grad Opuzen","og_description":"Na temelju \u010dlanka 27. Zakona o knji\u017enicama (\u201eNarodne novine\u201c, broj: 105\/97, 5\/98, 104\/00, 87\/08 i...","og_url":"https:\/\/www.opuzen.hr\/grad\/natjecaj-za-izbor-i-imenovanje-ravnatelja-ice-gradske-knjiznice-opuzen\/","og_site_name":"Grad Opuzen","article_published_time":"2019-08-12T18:00:22+00:00","article_modified_time":"2023-10-12T11:28:48+00:00","og_image":[{"width":800,"height":498,"url":"https:\/\/www.opuzen.hr\/grad\/wp-content\/uploads\/2018\/02\/Grad_Opuzen_SLSTR_intro-e1519545580645.jpeg","type":"image\/jpeg"}],"author":"Grad Opuzen","twitter_card":"summary_large_image","twitter_misc":{"Napisao\/la":"Grad Opuzen","Procijenjeno vrijeme \u010ditanja":"1 minuta"},"schema":{"@context":"https:\/\/schema.org","@graph":[{"@type":"Article","@id":"https:\/\/www.opuzen.hr\/grad\/natjecaj-za-izbor-i-imenovanje-ravnatelja-ice-gradske-knjiznice-opuzen\/#article","isPartOf":{"@id":"https:\/\/www.opuzen.hr\/grad\/natjecaj-za-izbor-i-imenovanje-ravnatelja-ice-gradske-knjiznice-opuzen\/"},"author":{"name":"Grad Opuzen","@id":"https:\/\/www.opuzen.hr\/grad\/#\/schema\/person\/0a17a9796898e9409a1fa4ca7448a481"},"headline":"Natje\u010daj za izbor i imenovanje ravnatelja\/ice Gradske knji\u017enice Opuzen","datePublished":"2019-08-12T18:00:22+00:00","dateModified":"2023-10-12T11:28:48+00:00","mainEntityOfPage":{"@id":"https:\/\/www.opuzen.hr\/grad\/natjecaj-za-izbor-i-imenovanje-ravnatelja-ice-gradske-knjiznice-opuzen\/"},"wordCount":240,"publisher":{"@id":"https:\/\/www.opuzen.hr\/grad\/#organization"},"image":{"@id":"https:\/\/www.opuzen.hr\/grad\/natjecaj-za-izbor-i-imenovanje-ravnatelja-ice-gradske-knjiznice-opuzen\/#primaryimage"},"thumbnailUrl":"https:\/\/www.opuzen.hr\/grad\/wp-content\/uploads\/2018\/02\/Grad_Opuzen_SLSTR_intro-e1519545580645.jpeg","keywords":["Natje\u010daji","Opuzen"],"articleSection":["Natje\u010daji Grad Opuzen"],"inLanguage":"hr"},{"@type":"WebPage","@id":"https:\/\/www.opuzen.hr\/grad\/natjecaj-za-izbor-i-imenovanje-ravnatelja-ice-gradske-knjiznice-opuzen\/","url":"https:\/\/www.opuzen.hr\/grad\/natjecaj-za-izbor-i-imenovanje-ravnatelja-ice-gradske-knjiznice-opuzen\/","name":"Natje\u010daj za izbor i imenovanje ravnatelja\/ice Gradske knji\u017enice Opuzen - Grad Opuzen","isPartOf":{"@id":"https:\/\/www.opuzen.hr\/grad\/#website"},"primaryImageOfPage":{"@id":"https:\/\/www.opuzen.hr\/grad\/natjecaj-za-izbor-i-imenovanje-ravnatelja-ice-gradske-knjiznice-opuzen\/#primaryimage"},"image":{"@id":"https:\/\/www.opuzen.hr\/grad\/natjecaj-za-izbor-i-imenovanje-ravnatelja-ice-gradske-knjiznice-opuzen\/#primaryimage"},"thumbnailUrl":"https:\/\/www.opuzen.hr\/grad\/wp-content\/uploads\/2018\/02\/Grad_Opuzen_SLSTR_intro-e1519545580645.jpeg","datePublished":"2019-08-12T18:00:22+00:00","dateModified":"2023-10-12T11:28:48+00:00","breadcrumb":{"@id":"https:\/\/www.opuzen.hr\/grad\/natjecaj-za-izbor-i-imenovanje-ravnatelja-ice-gradske-knjiznice-opuzen\/#breadcrumb"},"inLanguage":"hr","potentialAction":[{"@type":"ReadAction","target":["https:\/\/www.opuzen.hr\/grad\/natjecaj-za-izbor-i-imenovanje-ravnatelja-ice-gradske-knjiznice-opuzen\/"]}]},{"@type":"ImageObject","inLanguage":"hr","@id":"https:\/\/www.opuzen.hr\/grad\/natjecaj-za-izbor-i-imenovanje-ravnatelja-ice-gradske-knjiznice-opuzen\/#primaryimage","url":"https:\/\/www.opuzen.hr\/grad\/wp-content\/uploads\/2018\/02\/Grad_Opuzen_SLSTR_intro-e1519545580645.jpeg","contentUrl":"https:\/\/www.opuzen.hr\/grad\/wp-content\/uploads\/2018\/02\/Grad_Opuzen_SLSTR_intro-e1519545580645.jpeg","width":800,"height":498},{"@type":"BreadcrumbList","@id":"https:\/\/www.opuzen.hr\/grad\/natjecaj-za-izbor-i-imenovanje-ravnatelja-ice-gradske-knjiznice-opuzen\/#breadcrumb","itemListElement":[{"@type":"ListItem","position":1,"name":"Po\u010detna stranica","item":"https:\/\/www.opuzen.hr\/grad\/"},{"@type":"ListItem","position":2,"name":"Natje\u010daj za izbor i imenovanje ravnatelja\/ice Gradske knji\u017enice Opuzen"}]},{"@type":"WebSite","@id":"https:\/\/www.opuzen.hr\/grad\/#website","url":"https:\/\/www.opuzen.hr\/grad\/","name":"Grad Opuzen","description":"Slu\u017ebene mre\u017ene stranice Grada Opuzena","publisher":{"@id":"https:\/\/www.opuzen.hr\/grad\/#organization"},"potentialAction":[{"@type":"SearchAction","target":{"@type":"EntryPoint","urlTemplate":"https:\/\/www.opuzen.hr\/grad\/?s={search_term_string}"},"query-input":"required name=search_term_string"}],"inLanguage":"hr"},{"@type":"Organization","@id":"https:\/\/www.opuzen.hr\/grad\/#organization","name":"Grad Opuzen","url":"https:\/\/www.opuzen.hr\/grad\/","logo":{"@type":"ImageObject","inLanguage":"hr","@id":"https:\/\/www.opuzen.hr\/grad\/#\/schema\/logo\/image\/","url":"https:\/\/www.opuzen.hr\/grad\/wp-content\/uploads\/2018\/02\/logo-opuzen.jpg","contentUrl":"https:\/\/www.opuzen.hr\/grad\/wp-content\/uploads\/2018\/02\/logo-opuzen.jpg","width":400,"height":400,"caption":"Grad Opuzen"},"image":{"@id":"https:\/\/www.opuzen.hr\/grad\/#\/schema\/logo\/image\/"}},{"@type":"Person","@id":"https:\/\/www.opuzen.hr\/grad\/#\/schema\/person\/0a17a9796898e9409a1fa4ca7448a481","name":"Grad Opuzen","image":{"@type":"ImageObject","inLanguage":"hr","@id":"https:\/\/www.opuzen.hr\/grad\/#\/schema\/person\/image\/","url":"https:\/\/secure.gravatar.com\/avatar\/0c54089de4fcf14c0fe3355109a3ac05?s=96&d=mm&r=g","contentUrl":"https:\/\/secure.gravatar.com\/avatar\/0c54089de4fcf14c0fe3355109a3ac05?s=96&d=mm&r=g","caption":"Grad Opuzen"},"url":"https:\/\/www.opuzen.hr\/grad\/author\/admin\/"}]}},"_links":{"self":[{"href":"https:\/\/www.opuzen.hr\/grad\/wp-json\/wp\/v2\/posts\/5509"}],"collection":[{"href":"https:\/\/www.opuzen.hr\/grad\/wp-json\/wp\/v2\/posts"}],"about":[{"href":"https:\/\/www.opuzen.hr\/grad\/wp-json\/wp\/v2\/types\/post"}],"author":[{"embeddable":true,"href":"https:\/\/www.opuzen.hr\/grad\/wp-json\/wp\/v2\/users\/3"}],"replies":[{"embeddable":true,"href":"https:\/\/www.opuzen.hr\/grad\/wp-json\/wp\/v2\/comments?post=5509"}],"version-history":[{"count":3,"href":"https:\/\/www.opuzen.hr\/grad\/wp-json\/wp\/v2\/posts\/5509\/revisions"}],"predecessor-version":[{"id":5513,"href":"https:\/\/www.opuzen.hr\/grad\/wp-json\/wp\/v2\/posts\/5509\/revisions\/5513"}],"wp:featuredmedia":[{"embeddable":true,"href":"https:\/\/www.opuzen.hr\/grad\/wp-json\/wp\/v2\/media\/29"}],"wp:attachment":[{"href":"https:\/\/www.opuzen.hr\/grad\/wp-json\/wp\/v2\/media?parent=5509"}],"wp:term":[{"taxonomy":"category","embeddable":true,"href":"https:\/\/www.opuzen.hr\/grad\/wp-json\/wp\/v2\/categories?post=5509"},{"taxonomy":"post_tag","embeddable":true,"href":"https:\/\/www.opuzen.hr\/grad\/wp-json\/wp\/v2\/tags?post=5509"}],"curies":[{"name":"wp","href":"https:\/\/api.w.org\/{rel}","templated":true}]}}