{"id":5751,"date":"2019-09-07T09:23:57","date_gmt":"2019-09-07T07:23:57","guid":{"rendered":"https:\/\/www.opuzen.hr\/grad\/?p=5751"},"modified":"2023-10-12T13:28:47","modified_gmt":"2023-10-12T11:28:47","slug":"provodenje-prometne-akcije-postujte-nase-znakove","status":"publish","type":"post","link":"https:\/\/www.opuzen.hr\/grad\/provodenje-prometne-akcije-postujte-nase-znakove\/","title":{"rendered":"Provo\u0111enje prometne akcije \u201ePo\u0161tujte na\u0161e znakove\u201c,"},"content":{"rendered":"<p>Obavje\u0161tavamo Vas da \u0107e policijski slu\u017ebenici Policijske postaje Metkovi\u0107 i ove godine u okviru \u201eNacionalnog programa sigurnosti cestovnog prometa\u201c, a u suradnji sa osnovnim \u0161kolama i tijelima lokalne i podru\u010dne samouprave, tijekom mjeseca rujna 2019. godine provoditi preventivno &#8211; represivnu akciju pod nazivom &#8220;Po\u0161tujte na\u0161e znakove&#8221;.<!--more--><\/p>\n<p>Kako je akcija usmjerena na za\u0161titu djece u prometu i spre\u010davanje ugro\u017eavanja njihovih \u017eivota, osobito u prvim danima samostalnog sudjelovanja u prometu, u primarne aktivnosti akcije uvr\u0161teni su posjeti policijskih slu\u017ebenika svim prvim razredima osnovnih \u0161kola na podru\u010dju koje pokriva Policijska postaja Metkovi\u0107, a koji \u0107e te posjete iskoristiti za edukativne razgovore sa &#8220;prva\u0161i\u0107ima&#8221;. Tom prilikom djeca \u0107e biti upoznata sa temeljnim prometnim pravilima bitnim za njihovo sigurno sudjelovanje u prometu.<\/p>\n<p><strong>Aktivnosti policije za vrijeme provo\u0111enja akcije:<\/strong><\/p>\n<ul>\n<li>nadzor prometa u zonama osnovnih \u0161kola biti \u0107e nam prioritet. Promet \u0107emo nadzirati s maksimalnim brojem policijskih slu\u017ebenika,<\/li>\n<li>policijski slu\u017ebenici odr\u017eat \u0107e dvadesetominutna predavanja i razgovor u svim prvim razredima osnovnih \u0161kola i upoznavati djecu sa temeljnim pravilima sigurnog sudjelovanja u prometu,<\/li>\n<li>tijekom odr\u017eavanja predavanja, u\u010denicima \u0107e se podijeliti prigodni promid\u017ebeni materijal,<\/li>\n<li>policijski slu\u017ebenici \u0107e biti nazo\u010dni prvom roditeljskom sastanku u\u010denika prvih razreda kako bi roditeljima u kratkom izlaganju izlo\u017eili najva\u017enije poruke o sigurnom sudjelovanju njihove djece u prometu,<\/li>\n<li>svakoga dana, posebice u vrijeme po\u010detka i zavr\u0161etka nastave, poja\u010dano \u0107e se operativno-preventivno nadzirati prilazne ceste, ulice i raskri\u017eja u blizini \u0161kola, radi nesmetanog i \u0161to sigurnijeg dolaska i odlaska djece u i iz \u0161kole. Temeljna zada\u0107a policijskih slu\u017ebenika, koji \u0107e obavljati nadzor nad odvijanjem prometa, a po potrebi i upravljati prometom je omogu\u0107iti siguran prijelaz djece preko kolnika. Tako\u0111er \u0107e se poduzimati sve zakonom propisane mjere prema nediscipliniranim voza\u010dima, odnosno prema voza\u010dima koji ne po\u0161tuju prednost prolaska pje\u0161aka na obilje\u017eenom pje\u0161a\u010dkom prijelazu. Jednako tako, policijski slu\u017ebenici \u0107e sankcionirati i sva nepropisno parkirana i zaustavljena vozila u zonama \u0161kola,<\/li>\n<li>poja\u010dano \u0107e se kontrolirati brzine kretanja vozila na prometnicama u zonama \u0161kola radi represivnog djelovanja na voza\u010de koji ne po\u0161tuju ograni\u010denja,<\/li>\n<li>policija \u0107e samostalno, ali i u suradnji s Inspekcijom cestovnog prometa Ministarstva mora, prometa i infrastrukture provoditi nadzor autobusa kojima se organizirano prevoze djeca.<\/li>\n<\/ul>\n<p><strong>Osnovni razlozi za\u0161to su djeca ugro\u017eena kategorija sudionika u prometu:<\/strong><\/p>\n<ul>\n<li>ni\u017eeg su rasta \u0161to im onemogu\u0107uje dobru preglednost prometne situacije,<\/li>\n<li>vidno polje im je ograni\u010deno,<\/li>\n<li>zbog ni\u017eeg rasta te\u017ee su uo\u010dljivi ostalim sudionicima u prometu, osobito voza\u010dima,<\/li>\n<li>sposobnost to\u010dne procjene brzine kojom se kre\u0107u vozila, kao i njegove udaljenosti im je smanjena,<\/li>\n<li>nije im u potpunosti razvijena sposobnost usmjeravanja pozornosti na zbivanja u prometu,<\/li>\n<li>\u010desto reagiraju nenadano, impulzivno zato \u0161to su zaigrani,<\/li>\n<li>nemaju jo\u0161 u potpunosti razvijen osje\u0107aj za procjenu opasnosti.<\/li>\n<\/ul>\n<p>Slijedom navedenoga, svim sudionicima u prometu u nadolaze\u0107em vremenskom periodu upu\u0107ujemo sljede\u0107e savjete:<\/p>\n<p><strong>DJECI<\/strong><\/p>\n<ul>\n<li>kre\u0107ite se samo po nogostupu,<\/li>\n<li>cestu prelazite samo preko \u201ezebre\u201c,<\/li>\n<li>preko ceste prelazite samo na zeleno svjetlo,<\/li>\n<li>obvezno provjerite ima li vozila i samo ako ih nema prelazite cestu,<\/li>\n<li>ako stalno ima vozila, sa\u010dekajte da se vozilo zaustavi i voza\u010d vam rukom poka\u017ee da mo\u017eete sigurno prije\u0107i cestu.<\/li>\n<\/ul>\n<p><strong>RODITELJIMA<\/strong><\/p>\n<ul>\n<li>porazgovarajte s djecom o prometu i uka\u017eite im na potencijalne opasnosti koje im od njega prijete,<\/li>\n<li>uka\u017eite im na negativne, ali i pozitivne primjere pona\u0161anja u prometu,<\/li>\n<li>vje\u017ebajte sigurno prela\u017eenje kolnika,<\/li>\n<li>objasnite im svrhu pje\u0161a\u010dkog prijelaza i semaforskih ure\u0111aja, kao i razloge zbog kojih ih treba koristiti te ulogu prometnog policajca,<\/li>\n<li>ako je va\u0161e dijete prvo\u0161kolac posebnu pozornost posvetite putu u i iz \u0161kole,<\/li>\n<li>odaberite najsigurniji put (ne nu\u017eno i najkra\u0107i) i uvje\u017ebavajte s djetetom sigurno kretanje po njemu,<\/li>\n<li>uka\u017eite djetetu na sva opasna mjesta na tom putu,<\/li>\n<li>ispravite dijete u situaciji kada pogrije\u0161i, ali i nagradite ako usvoji i primjeni odre\u0111ena prometna pravila,<\/li>\n<li>pratite \u201eprva\u0161i\u0107e\u201c u i iz \u0161kole barem prvih desetak dana,<\/li>\n<li>vlastitim primjerom poka\u017eite djetetu kako se treba ispravno pona\u0161ati u prometu,<\/li>\n<li>nikada, bez obzira koliko se \u017eurili, a u pratnji ste djeteta, ne \u010dinite prometne prekr\u0161aje,<\/li>\n<li>u situacijama kada do\u010dekujete dijete pred \u0161kolom ili ku\u0107om, ne \u010dinite to na suprotnoj strani ulice,<\/li>\n<li>ako se va\u0161e dijete kre\u0107e u prometu no\u0107u ili u uvjetima smanjene vidljivosti, pobrinite se da bude vidljiv, da na sebi ima odje\u0107u i obu\u0107u \u0161to svjetlijih boja, odnosno kupite mu odje\u0107u, obu\u0107u i \u0161kolsku torbu s ugra\u0111enim reflektiraju\u0107im tvarima,<\/li>\n<li>djecu u vozilima prevozite isklju\u010divo na propisan na\u010din:\n<ul>\n<li>na mjestu suvoza\u010da djecu ni\u017eu od 150 cm smije se prevoziti samosmje\u0161tenu u dje\u010djim sjedalicama\/postoljima,<\/li>\n<li>na sjedalima koja nisu prednja djecu ni\u017eu od 135 cm smije se prevoziti samo smje\u0161tenu u dje\u010djim sjedalicama\/postoljima,<\/li>\n<\/ul>\n<\/li>\n<li>ne parkirajte nepropisno u zoni \u0161kole,<\/li>\n<li>neka djeca u vozilo ulaze i iz vozila izlaze na nogostup, a ne na kolnik.<\/li>\n<\/ul>\n<p><strong>VOZA\u010cIMA<\/strong><\/p>\n<ul>\n<li>u zonama osnovnih \u0161kola smanjite brzinu kretanja,<\/li>\n<li>pove\u0107ajte pozornost u blizini \u0161kola,<\/li>\n<li>vodite ra\u010duna da djeca ne znaju ili ne znaju dovoljno prometne propise,<\/li>\n<li>po\u0161tujte znakove policajaca,<\/li>\n<li>zaustavite vozilo i djeci dajte znak rukom da mogu sigurno preko ceste.<\/li>\n<\/ul>\n<!-- WP Attachments -->\r\n        <div style=\"width:100%;margin:10px 0 10px 0;\">\r\n            <h3>Prilozi sadr\u017eaju:<\/h3>\r\n        <ul class=\"post-attachments\"><li class=\"post-attachment mime-application-pdf\">                                \r\n<a target=\"_blank\" href=\"https:\/\/www.opuzen.hr\/grad\/provodenje-prometne-akcije-postujte-nase-znakove\/?download=5753\">Dopis - medijima - Po\u0161tujte na\u0161e znakove 2019<\/a><div style=\"float:right;\">264 kB \/ Preuzeto: 607<\/div>\r\n<br><small><\/small><\/li><\/ul><\/div>","protected":false},"excerpt":{"rendered":"<p>Obavje\u0161tavamo Vas da \u0107e policijski slu\u017ebenici Policijske postaje Metkovi\u0107 i ove godine u okviru \u201eNacionalnog&#8230;<\/p>\n","protected":false},"author":3,"featured_media":5752,"comment_status":"closed","ping_status":"closed","sticky":false,"template":"","format":"standard","meta":{"footnotes":""},"categories":[4,3],"tags":[],"class_list":["post-5751","post","type-post","status-publish","format-standard","has-post-thumbnail","hentry","category-novosti","category-obavijesti-gradanima","wpcat-4-id","wpcat-3-id"],"yoast_head":"<!-- This site is optimized with the Yoast SEO plugin v23.1 - https:\/\/yoast.com\/wordpress\/plugins\/seo\/ -->\n<title>Provo\u0111enje prometne akcije \u201ePo\u0161tujte na\u0161e znakove\u201c, - Grad Opuzen<\/title>\n<meta name=\"robots\" content=\"index, follow, max-snippet:-1, max-image-preview:large, max-video-preview:-1\" \/>\n<link rel=\"canonical\" href=\"https:\/\/www.opuzen.hr\/grad\/provodenje-prometne-akcije-postujte-nase-znakove\/\" \/>\n<meta property=\"og:locale\" content=\"hr_HR\" \/>\n<meta property=\"og:type\" content=\"article\" \/>\n<meta property=\"og:title\" content=\"Provo\u0111enje prometne akcije \u201ePo\u0161tujte na\u0161e znakove\u201c, - Grad Opuzen\" \/>\n<meta property=\"og:description\" content=\"Obavje\u0161tavamo Vas da \u0107e policijski slu\u017ebenici Policijske postaje Metkovi\u0107 i ove godine u okviru \u201eNacionalnog...\" \/>\n<meta property=\"og:url\" content=\"https:\/\/www.opuzen.hr\/grad\/provodenje-prometne-akcije-postujte-nase-znakove\/\" \/>\n<meta property=\"og:site_name\" content=\"Grad Opuzen\" \/>\n<meta property=\"article:published_time\" content=\"2019-09-07T07:23:57+00:00\" \/>\n<meta property=\"article:modified_time\" content=\"2023-10-12T11:28:47+00:00\" \/>\n<meta property=\"og:image\" content=\"https:\/\/www.opuzen.hr\/grad\/wp-content\/uploads\/2019\/09\/pnz-slika700.jpg\" \/>\n\t<meta property=\"og:image:width\" content=\"700\" \/>\n\t<meta property=\"og:image:height\" content=\"312\" \/>\n\t<meta property=\"og:image:type\" content=\"image\/jpeg\" \/>\n<meta name=\"author\" content=\"Grad Opuzen\" \/>\n<meta name=\"twitter:card\" content=\"summary_large_image\" \/>\n<meta name=\"twitter:label1\" content=\"Napisao\/la\" \/>\n\t<meta name=\"twitter:data1\" content=\"Grad Opuzen\" \/>\n\t<meta name=\"twitter:label2\" content=\"Procijenjeno vrijeme \u010ditanja\" \/>\n\t<meta name=\"twitter:data2\" content=\"4 minute\" \/>\n<script type=\"application\/ld+json\" class=\"yoast-schema-graph\">{\"@context\":\"https:\/\/schema.org\",\"@graph\":[{\"@type\":\"Article\",\"@id\":\"https:\/\/www.opuzen.hr\/grad\/provodenje-prometne-akcije-postujte-nase-znakove\/#article\",\"isPartOf\":{\"@id\":\"https:\/\/www.opuzen.hr\/grad\/provodenje-prometne-akcije-postujte-nase-znakove\/\"},\"author\":{\"name\":\"Grad Opuzen\",\"@id\":\"https:\/\/www.opuzen.hr\/grad\/#\/schema\/person\/0a17a9796898e9409a1fa4ca7448a481\"},\"headline\":\"Provo\u0111enje prometne akcije \u201ePo\u0161tujte na\u0161e znakove\u201c,\",\"datePublished\":\"2019-09-07T07:23:57+00:00\",\"dateModified\":\"2023-10-12T11:28:47+00:00\",\"mainEntityOfPage\":{\"@id\":\"https:\/\/www.opuzen.hr\/grad\/provodenje-prometne-akcije-postujte-nase-znakove\/\"},\"wordCount\":906,\"publisher\":{\"@id\":\"https:\/\/www.opuzen.hr\/grad\/#organization\"},\"image\":{\"@id\":\"https:\/\/www.opuzen.hr\/grad\/provodenje-prometne-akcije-postujte-nase-znakove\/#primaryimage\"},\"thumbnailUrl\":\"https:\/\/www.opuzen.hr\/grad\/wp-content\/uploads\/2019\/09\/pnz-slika700.jpg\",\"articleSection\":[\"Novosti\",\"Obavijesti gra\u0111anima\"],\"inLanguage\":\"hr\"},{\"@type\":\"WebPage\",\"@id\":\"https:\/\/www.opuzen.hr\/grad\/provodenje-prometne-akcije-postujte-nase-znakove\/\",\"url\":\"https:\/\/www.opuzen.hr\/grad\/provodenje-prometne-akcije-postujte-nase-znakove\/\",\"name\":\"Provo\u0111enje prometne akcije \u201ePo\u0161tujte na\u0161e znakove\u201c, - Grad Opuzen\",\"isPartOf\":{\"@id\":\"https:\/\/www.opuzen.hr\/grad\/#website\"},\"primaryImageOfPage\":{\"@id\":\"https:\/\/www.opuzen.hr\/grad\/provodenje-prometne-akcije-postujte-nase-znakove\/#primaryimage\"},\"image\":{\"@id\":\"https:\/\/www.opuzen.hr\/grad\/provodenje-prometne-akcije-postujte-nase-znakove\/#primaryimage\"},\"thumbnailUrl\":\"https:\/\/www.opuzen.hr\/grad\/wp-content\/uploads\/2019\/09\/pnz-slika700.jpg\",\"datePublished\":\"2019-09-07T07:23:57+00:00\",\"dateModified\":\"2023-10-12T11:28:47+00:00\",\"breadcrumb\":{\"@id\":\"https:\/\/www.opuzen.hr\/grad\/provodenje-prometne-akcije-postujte-nase-znakove\/#breadcrumb\"},\"inLanguage\":\"hr\",\"potentialAction\":[{\"@type\":\"ReadAction\",\"target\":[\"https:\/\/www.opuzen.hr\/grad\/provodenje-prometne-akcije-postujte-nase-znakove\/\"]}]},{\"@type\":\"ImageObject\",\"inLanguage\":\"hr\",\"@id\":\"https:\/\/www.opuzen.hr\/grad\/provodenje-prometne-akcije-postujte-nase-znakove\/#primaryimage\",\"url\":\"https:\/\/www.opuzen.hr\/grad\/wp-content\/uploads\/2019\/09\/pnz-slika700.jpg\",\"contentUrl\":\"https:\/\/www.opuzen.hr\/grad\/wp-content\/uploads\/2019\/09\/pnz-slika700.jpg\",\"width\":700,\"height\":312},{\"@type\":\"BreadcrumbList\",\"@id\":\"https:\/\/www.opuzen.hr\/grad\/provodenje-prometne-akcije-postujte-nase-znakove\/#breadcrumb\",\"itemListElement\":[{\"@type\":\"ListItem\",\"position\":1,\"name\":\"Po\u010detna stranica\",\"item\":\"https:\/\/www.opuzen.hr\/grad\/\"},{\"@type\":\"ListItem\",\"position\":2,\"name\":\"Provo\u0111enje prometne akcije \u201ePo\u0161tujte na\u0161e znakove\u201c,\"}]},{\"@type\":\"WebSite\",\"@id\":\"https:\/\/www.opuzen.hr\/grad\/#website\",\"url\":\"https:\/\/www.opuzen.hr\/grad\/\",\"name\":\"Grad Opuzen\",\"description\":\"Slu\u017ebene mre\u017ene stranice Grada Opuzena\",\"publisher\":{\"@id\":\"https:\/\/www.opuzen.hr\/grad\/#organization\"},\"potentialAction\":[{\"@type\":\"SearchAction\",\"target\":{\"@type\":\"EntryPoint\",\"urlTemplate\":\"https:\/\/www.opuzen.hr\/grad\/?s={search_term_string}\"},\"query-input\":\"required name=search_term_string\"}],\"inLanguage\":\"hr\"},{\"@type\":\"Organization\",\"@id\":\"https:\/\/www.opuzen.hr\/grad\/#organization\",\"name\":\"Grad Opuzen\",\"url\":\"https:\/\/www.opuzen.hr\/grad\/\",\"logo\":{\"@type\":\"ImageObject\",\"inLanguage\":\"hr\",\"@id\":\"https:\/\/www.opuzen.hr\/grad\/#\/schema\/logo\/image\/\",\"url\":\"https:\/\/www.opuzen.hr\/grad\/wp-content\/uploads\/2018\/02\/logo-opuzen.jpg\",\"contentUrl\":\"https:\/\/www.opuzen.hr\/grad\/wp-content\/uploads\/2018\/02\/logo-opuzen.jpg\",\"width\":400,\"height\":400,\"caption\":\"Grad Opuzen\"},\"image\":{\"@id\":\"https:\/\/www.opuzen.hr\/grad\/#\/schema\/logo\/image\/\"}},{\"@type\":\"Person\",\"@id\":\"https:\/\/www.opuzen.hr\/grad\/#\/schema\/person\/0a17a9796898e9409a1fa4ca7448a481\",\"name\":\"Grad Opuzen\",\"image\":{\"@type\":\"ImageObject\",\"inLanguage\":\"hr\",\"@id\":\"https:\/\/www.opuzen.hr\/grad\/#\/schema\/person\/image\/\",\"url\":\"https:\/\/secure.gravatar.com\/avatar\/0c54089de4fcf14c0fe3355109a3ac05?s=96&d=mm&r=g\",\"contentUrl\":\"https:\/\/secure.gravatar.com\/avatar\/0c54089de4fcf14c0fe3355109a3ac05?s=96&d=mm&r=g\",\"caption\":\"Grad Opuzen\"},\"url\":\"https:\/\/www.opuzen.hr\/grad\/author\/admin\/\"}]}<\/script>\n<!-- \/ Yoast SEO plugin. -->","yoast_head_json":{"title":"Provo\u0111enje prometne akcije \u201ePo\u0161tujte na\u0161e znakove\u201c, - Grad Opuzen","robots":{"index":"index","follow":"follow","max-snippet":"max-snippet:-1","max-image-preview":"max-image-preview:large","max-video-preview":"max-video-preview:-1"},"canonical":"https:\/\/www.opuzen.hr\/grad\/provodenje-prometne-akcije-postujte-nase-znakove\/","og_locale":"hr_HR","og_type":"article","og_title":"Provo\u0111enje prometne akcije \u201ePo\u0161tujte na\u0161e znakove\u201c, - Grad Opuzen","og_description":"Obavje\u0161tavamo Vas da \u0107e policijski slu\u017ebenici Policijske postaje Metkovi\u0107 i ove godine u okviru \u201eNacionalnog...","og_url":"https:\/\/www.opuzen.hr\/grad\/provodenje-prometne-akcije-postujte-nase-znakove\/","og_site_name":"Grad Opuzen","article_published_time":"2019-09-07T07:23:57+00:00","article_modified_time":"2023-10-12T11:28:47+00:00","og_image":[{"width":700,"height":312,"url":"https:\/\/www.opuzen.hr\/grad\/wp-content\/uploads\/2019\/09\/pnz-slika700.jpg","type":"image\/jpeg"}],"author":"Grad Opuzen","twitter_card":"summary_large_image","twitter_misc":{"Napisao\/la":"Grad Opuzen","Procijenjeno vrijeme \u010ditanja":"4 minute"},"schema":{"@context":"https:\/\/schema.org","@graph":[{"@type":"Article","@id":"https:\/\/www.opuzen.hr\/grad\/provodenje-prometne-akcije-postujte-nase-znakove\/#article","isPartOf":{"@id":"https:\/\/www.opuzen.hr\/grad\/provodenje-prometne-akcije-postujte-nase-znakove\/"},"author":{"name":"Grad Opuzen","@id":"https:\/\/www.opuzen.hr\/grad\/#\/schema\/person\/0a17a9796898e9409a1fa4ca7448a481"},"headline":"Provo\u0111enje prometne akcije \u201ePo\u0161tujte na\u0161e znakove\u201c,","datePublished":"2019-09-07T07:23:57+00:00","dateModified":"2023-10-12T11:28:47+00:00","mainEntityOfPage":{"@id":"https:\/\/www.opuzen.hr\/grad\/provodenje-prometne-akcije-postujte-nase-znakove\/"},"wordCount":906,"publisher":{"@id":"https:\/\/www.opuzen.hr\/grad\/#organization"},"image":{"@id":"https:\/\/www.opuzen.hr\/grad\/provodenje-prometne-akcije-postujte-nase-znakove\/#primaryimage"},"thumbnailUrl":"https:\/\/www.opuzen.hr\/grad\/wp-content\/uploads\/2019\/09\/pnz-slika700.jpg","articleSection":["Novosti","Obavijesti gra\u0111anima"],"inLanguage":"hr"},{"@type":"WebPage","@id":"https:\/\/www.opuzen.hr\/grad\/provodenje-prometne-akcije-postujte-nase-znakove\/","url":"https:\/\/www.opuzen.hr\/grad\/provodenje-prometne-akcije-postujte-nase-znakove\/","name":"Provo\u0111enje prometne akcije \u201ePo\u0161tujte na\u0161e znakove\u201c, - Grad Opuzen","isPartOf":{"@id":"https:\/\/www.opuzen.hr\/grad\/#website"},"primaryImageOfPage":{"@id":"https:\/\/www.opuzen.hr\/grad\/provodenje-prometne-akcije-postujte-nase-znakove\/#primaryimage"},"image":{"@id":"https:\/\/www.opuzen.hr\/grad\/provodenje-prometne-akcije-postujte-nase-znakove\/#primaryimage"},"thumbnailUrl":"https:\/\/www.opuzen.hr\/grad\/wp-content\/uploads\/2019\/09\/pnz-slika700.jpg","datePublished":"2019-09-07T07:23:57+00:00","dateModified":"2023-10-12T11:28:47+00:00","breadcrumb":{"@id":"https:\/\/www.opuzen.hr\/grad\/provodenje-prometne-akcije-postujte-nase-znakove\/#breadcrumb"},"inLanguage":"hr","potentialAction":[{"@type":"ReadAction","target":["https:\/\/www.opuzen.hr\/grad\/provodenje-prometne-akcije-postujte-nase-znakove\/"]}]},{"@type":"ImageObject","inLanguage":"hr","@id":"https:\/\/www.opuzen.hr\/grad\/provodenje-prometne-akcije-postujte-nase-znakove\/#primaryimage","url":"https:\/\/www.opuzen.hr\/grad\/wp-content\/uploads\/2019\/09\/pnz-slika700.jpg","contentUrl":"https:\/\/www.opuzen.hr\/grad\/wp-content\/uploads\/2019\/09\/pnz-slika700.jpg","width":700,"height":312},{"@type":"BreadcrumbList","@id":"https:\/\/www.opuzen.hr\/grad\/provodenje-prometne-akcije-postujte-nase-znakove\/#breadcrumb","itemListElement":[{"@type":"ListItem","position":1,"name":"Po\u010detna stranica","item":"https:\/\/www.opuzen.hr\/grad\/"},{"@type":"ListItem","position":2,"name":"Provo\u0111enje prometne akcije \u201ePo\u0161tujte na\u0161e znakove\u201c,"}]},{"@type":"WebSite","@id":"https:\/\/www.opuzen.hr\/grad\/#website","url":"https:\/\/www.opuzen.hr\/grad\/","name":"Grad Opuzen","description":"Slu\u017ebene mre\u017ene stranice Grada Opuzena","publisher":{"@id":"https:\/\/www.opuzen.hr\/grad\/#organization"},"potentialAction":[{"@type":"SearchAction","target":{"@type":"EntryPoint","urlTemplate":"https:\/\/www.opuzen.hr\/grad\/?s={search_term_string}"},"query-input":"required name=search_term_string"}],"inLanguage":"hr"},{"@type":"Organization","@id":"https:\/\/www.opuzen.hr\/grad\/#organization","name":"Grad Opuzen","url":"https:\/\/www.opuzen.hr\/grad\/","logo":{"@type":"ImageObject","inLanguage":"hr","@id":"https:\/\/www.opuzen.hr\/grad\/#\/schema\/logo\/image\/","url":"https:\/\/www.opuzen.hr\/grad\/wp-content\/uploads\/2018\/02\/logo-opuzen.jpg","contentUrl":"https:\/\/www.opuzen.hr\/grad\/wp-content\/uploads\/2018\/02\/logo-opuzen.jpg","width":400,"height":400,"caption":"Grad Opuzen"},"image":{"@id":"https:\/\/www.opuzen.hr\/grad\/#\/schema\/logo\/image\/"}},{"@type":"Person","@id":"https:\/\/www.opuzen.hr\/grad\/#\/schema\/person\/0a17a9796898e9409a1fa4ca7448a481","name":"Grad Opuzen","image":{"@type":"ImageObject","inLanguage":"hr","@id":"https:\/\/www.opuzen.hr\/grad\/#\/schema\/person\/image\/","url":"https:\/\/secure.gravatar.com\/avatar\/0c54089de4fcf14c0fe3355109a3ac05?s=96&d=mm&r=g","contentUrl":"https:\/\/secure.gravatar.com\/avatar\/0c54089de4fcf14c0fe3355109a3ac05?s=96&d=mm&r=g","caption":"Grad Opuzen"},"url":"https:\/\/www.opuzen.hr\/grad\/author\/admin\/"}]}},"_links":{"self":[{"href":"https:\/\/www.opuzen.hr\/grad\/wp-json\/wp\/v2\/posts\/5751"}],"collection":[{"href":"https:\/\/www.opuzen.hr\/grad\/wp-json\/wp\/v2\/posts"}],"about":[{"href":"https:\/\/www.opuzen.hr\/grad\/wp-json\/wp\/v2\/types\/post"}],"author":[{"embeddable":true,"href":"https:\/\/www.opuzen.hr\/grad\/wp-json\/wp\/v2\/users\/3"}],"replies":[{"embeddable":true,"href":"https:\/\/www.opuzen.hr\/grad\/wp-json\/wp\/v2\/comments?post=5751"}],"version-history":[{"count":1,"href":"https:\/\/www.opuzen.hr\/grad\/wp-json\/wp\/v2\/posts\/5751\/revisions"}],"predecessor-version":[{"id":5754,"href":"https:\/\/www.opuzen.hr\/grad\/wp-json\/wp\/v2\/posts\/5751\/revisions\/5754"}],"wp:featuredmedia":[{"embeddable":true,"href":"https:\/\/www.opuzen.hr\/grad\/wp-json\/wp\/v2\/media\/5752"}],"wp:attachment":[{"href":"https:\/\/www.opuzen.hr\/grad\/wp-json\/wp\/v2\/media?parent=5751"}],"wp:term":[{"taxonomy":"category","embeddable":true,"href":"https:\/\/www.opuzen.hr\/grad\/wp-json\/wp\/v2\/categories?post=5751"},{"taxonomy":"post_tag","embeddable":true,"href":"https:\/\/www.opuzen.hr\/grad\/wp-json\/wp\/v2\/tags?post=5751"}],"curies":[{"name":"wp","href":"https:\/\/api.w.org\/{rel}","templated":true}]}}