{"id":6243,"date":"2019-10-14T14:18:26","date_gmt":"2019-10-14T12:18:26","guid":{"rendered":"https:\/\/www.opuzen.hr\/grad\/?p=6243"},"modified":"2023-10-12T13:28:34","modified_gmt":"2023-10-12T11:28:34","slug":"pozivnica-na-dane-mandarina-2019","status":"publish","type":"post","link":"https:\/\/www.opuzen.hr\/grad\/pozivnica-na-dane-mandarina-2019\/","title":{"rendered":"Pozivnica na Dane mandarina 2019."},"content":{"rendered":"<p>\u010cetvrtu godinu za redom Srednja poljoprivredna i tehni\u010dka \u0161kola u Opuzenu organizira Dane mandarina. Manifestacija je osmi\u0161ljena u cilju promocije poduzetni\u010dkih vje\u0161tina u agroturizmu, o\u010duvanju tradicijskih vrijednosti doline Neretve kroz daljnju stru\u010dnu afirmaciju i turisti\u010dku valorizaciju mandarine kao agroturisti\u010dkog brenda.<!--more--><\/p>\n<p>Tijekom \u010detiri dana manifestacije, od 17. &#8211; 20. listopada, \u0161kola \u0107e organizirati razne aktivnosti: Izradu i izlo\u017ebu skulptura od mandarina, Informativno-edukativnu radionicu, Posjet srednjih \u0161kola iz \u017dupanje, Vinkovaca, Zadra i Hvara, Berbu mandarina za goste, \u0160ahovski turnir, Gaming turnir, Prodajni sajam s autohtonim proizvodima, Izradu jela od mandarina\u2026<\/p>\n<p>Mandarine potrebne za ukra\u0161avanje skulptura donirat \u0107e lokalni otkupljiva\u010di mandarina.<\/p>\n<p>Mandarina, vo\u0107ka koja je osamdesetih postala rasprostranjena u dolini, dugo je vremena osiguravala egzistenciju \u017eitelja. U me\u0111uvremenu, okolnosti su se promijenile, a mandarina treba dobiti i dodatnu vrijednost, onu agroturisti\u010dku. Stoga, ovom manifestacijom \u017eelimo ponuditi sadr\u017eaje zbog kojih \u0107e se turisti i drugi putnici odlu\u010diti zaustaviti u Dolini te u\u017eivati u aktivnostima manifestacije te atraktivnosti cijele doline Neretve.<\/p>\n<p>Cilj nam je i oja\u010dati poziciju \u0161kole u sredi\u0161tu doline Neretve kao agroturisti\u010dke destinacija, mandarine kao agroturisti\u010dki brend, i agroturizma kao gospodarske grane kao nove \u0161anse za Neretvansku dolinu.<\/p>\n<p>Veselimo se va\u0161em dolasku.<br \/>\nRavnateljica: Ivana Filipovi\u0107<\/p>\n<p><img fetchpriority=\"high\" decoding=\"async\" class=\"alignleft size-full wp-image-6244\" src=\"https:\/\/www.opuzen.hr\/grad\/wp-content\/uploads\/2019\/10\/Dani_mandarina_2019_plakat.jpg\" alt=\"\" width=\"1241\" height=\"1738\" srcset=\"https:\/\/www.opuzen.hr\/grad\/wp-content\/uploads\/2019\/10\/Dani_mandarina_2019_plakat.jpg 1241w, https:\/\/www.opuzen.hr\/grad\/wp-content\/uploads\/2019\/10\/Dani_mandarina_2019_plakat-214x300.jpg 214w, https:\/\/www.opuzen.hr\/grad\/wp-content\/uploads\/2019\/10\/Dani_mandarina_2019_plakat-768x1076.jpg 768w, https:\/\/www.opuzen.hr\/grad\/wp-content\/uploads\/2019\/10\/Dani_mandarina_2019_plakat-731x1024.jpg 731w, https:\/\/www.opuzen.hr\/grad\/wp-content\/uploads\/2019\/10\/Dani_mandarina_2019_plakat-600x840.jpg 600w, https:\/\/www.opuzen.hr\/grad\/wp-content\/uploads\/2019\/10\/Dani_mandarina_2019_plakat-107x150.jpg 107w\" sizes=\"(max-width: 1241px) 100vw, 1241px\" \/><\/p>\n","protected":false},"excerpt":{"rendered":"<p>\u010cetvrtu godinu za redom Srednja poljoprivredna i tehni\u010dka \u0161kola u Opuzenu organizira Dane mandarina. Manifestacija&#8230;<\/p>\n","protected":false},"author":3,"featured_media":6248,"comment_status":"closed","ping_status":"closed","sticky":false,"template":"","format":"standard","meta":{"footnotes":""},"categories":[4],"tags":[284],"class_list":["post-6243","post","type-post","status-publish","format-standard","has-post-thumbnail","hentry","category-novosti","tag-dani-mandarina","wpcat-4-id"],"yoast_head":"<!-- This site is optimized with the Yoast SEO plugin v23.1 - https:\/\/yoast.com\/wordpress\/plugins\/seo\/ -->\n<title>Pozivnica na Dane mandarina 2019. - Grad Opuzen<\/title>\n<meta name=\"robots\" content=\"index, follow, max-snippet:-1, max-image-preview:large, max-video-preview:-1\" \/>\n<link rel=\"canonical\" href=\"https:\/\/www.opuzen.hr\/grad\/pozivnica-na-dane-mandarina-2019\/\" \/>\n<meta property=\"og:locale\" content=\"hr_HR\" \/>\n<meta property=\"og:type\" content=\"article\" \/>\n<meta property=\"og:title\" content=\"Pozivnica na Dane mandarina 2019. - Grad Opuzen\" \/>\n<meta property=\"og:description\" content=\"\u010cetvrtu godinu za redom Srednja poljoprivredna i tehni\u010dka \u0161kola u Opuzenu organizira Dane mandarina. Manifestacija...\" \/>\n<meta property=\"og:url\" content=\"https:\/\/www.opuzen.hr\/grad\/pozivnica-na-dane-mandarina-2019\/\" \/>\n<meta property=\"og:site_name\" content=\"Grad Opuzen\" \/>\n<meta property=\"article:published_time\" content=\"2019-10-14T12:18:26+00:00\" \/>\n<meta property=\"article:modified_time\" content=\"2023-10-12T11:28:34+00:00\" \/>\n<meta property=\"og:image\" content=\"https:\/\/www.opuzen.hr\/grad\/wp-content\/uploads\/2019\/10\/dani_mandarina-2019png.png\" \/>\n\t<meta property=\"og:image:width\" content=\"1616\" \/>\n\t<meta property=\"og:image:height\" content=\"1676\" \/>\n\t<meta property=\"og:image:type\" content=\"image\/png\" \/>\n<meta name=\"author\" content=\"Grad Opuzen\" \/>\n<meta name=\"twitter:card\" content=\"summary_large_image\" \/>\n<meta name=\"twitter:label1\" content=\"Napisao\/la\" \/>\n\t<meta name=\"twitter:data1\" content=\"Grad Opuzen\" \/>\n\t<meta name=\"twitter:label2\" content=\"Procijenjeno vrijeme \u010ditanja\" \/>\n\t<meta name=\"twitter:data2\" content=\"1 minuta\" \/>\n<script type=\"application\/ld+json\" class=\"yoast-schema-graph\">{\"@context\":\"https:\/\/schema.org\",\"@graph\":[{\"@type\":\"Article\",\"@id\":\"https:\/\/www.opuzen.hr\/grad\/pozivnica-na-dane-mandarina-2019\/#article\",\"isPartOf\":{\"@id\":\"https:\/\/www.opuzen.hr\/grad\/pozivnica-na-dane-mandarina-2019\/\"},\"author\":{\"name\":\"Grad Opuzen\",\"@id\":\"https:\/\/www.opuzen.hr\/grad\/#\/schema\/person\/0a17a9796898e9409a1fa4ca7448a481\"},\"headline\":\"Pozivnica na Dane mandarina 2019.\",\"datePublished\":\"2019-10-14T12:18:26+00:00\",\"dateModified\":\"2023-10-12T11:28:34+00:00\",\"mainEntityOfPage\":{\"@id\":\"https:\/\/www.opuzen.hr\/grad\/pozivnica-na-dane-mandarina-2019\/\"},\"wordCount\":216,\"publisher\":{\"@id\":\"https:\/\/www.opuzen.hr\/grad\/#organization\"},\"image\":{\"@id\":\"https:\/\/www.opuzen.hr\/grad\/pozivnica-na-dane-mandarina-2019\/#primaryimage\"},\"thumbnailUrl\":\"https:\/\/www.opuzen.hr\/grad\/wp-content\/uploads\/2019\/10\/dani_mandarina-2019png.png\",\"keywords\":[\"Dani mandarina\"],\"articleSection\":[\"Novosti\"],\"inLanguage\":\"hr\"},{\"@type\":\"WebPage\",\"@id\":\"https:\/\/www.opuzen.hr\/grad\/pozivnica-na-dane-mandarina-2019\/\",\"url\":\"https:\/\/www.opuzen.hr\/grad\/pozivnica-na-dane-mandarina-2019\/\",\"name\":\"Pozivnica na Dane mandarina 2019. - Grad Opuzen\",\"isPartOf\":{\"@id\":\"https:\/\/www.opuzen.hr\/grad\/#website\"},\"primaryImageOfPage\":{\"@id\":\"https:\/\/www.opuzen.hr\/grad\/pozivnica-na-dane-mandarina-2019\/#primaryimage\"},\"image\":{\"@id\":\"https:\/\/www.opuzen.hr\/grad\/pozivnica-na-dane-mandarina-2019\/#primaryimage\"},\"thumbnailUrl\":\"https:\/\/www.opuzen.hr\/grad\/wp-content\/uploads\/2019\/10\/dani_mandarina-2019png.png\",\"datePublished\":\"2019-10-14T12:18:26+00:00\",\"dateModified\":\"2023-10-12T11:28:34+00:00\",\"breadcrumb\":{\"@id\":\"https:\/\/www.opuzen.hr\/grad\/pozivnica-na-dane-mandarina-2019\/#breadcrumb\"},\"inLanguage\":\"hr\",\"potentialAction\":[{\"@type\":\"ReadAction\",\"target\":[\"https:\/\/www.opuzen.hr\/grad\/pozivnica-na-dane-mandarina-2019\/\"]}]},{\"@type\":\"ImageObject\",\"inLanguage\":\"hr\",\"@id\":\"https:\/\/www.opuzen.hr\/grad\/pozivnica-na-dane-mandarina-2019\/#primaryimage\",\"url\":\"https:\/\/www.opuzen.hr\/grad\/wp-content\/uploads\/2019\/10\/dani_mandarina-2019png.png\",\"contentUrl\":\"https:\/\/www.opuzen.hr\/grad\/wp-content\/uploads\/2019\/10\/dani_mandarina-2019png.png\",\"width\":1616,\"height\":1676},{\"@type\":\"BreadcrumbList\",\"@id\":\"https:\/\/www.opuzen.hr\/grad\/pozivnica-na-dane-mandarina-2019\/#breadcrumb\",\"itemListElement\":[{\"@type\":\"ListItem\",\"position\":1,\"name\":\"Po\u010detna stranica\",\"item\":\"https:\/\/www.opuzen.hr\/grad\/\"},{\"@type\":\"ListItem\",\"position\":2,\"name\":\"Pozivnica na Dane mandarina 2019.\"}]},{\"@type\":\"WebSite\",\"@id\":\"https:\/\/www.opuzen.hr\/grad\/#website\",\"url\":\"https:\/\/www.opuzen.hr\/grad\/\",\"name\":\"Grad Opuzen\",\"description\":\"Slu\u017ebene mre\u017ene stranice Grada Opuzena\",\"publisher\":{\"@id\":\"https:\/\/www.opuzen.hr\/grad\/#organization\"},\"potentialAction\":[{\"@type\":\"SearchAction\",\"target\":{\"@type\":\"EntryPoint\",\"urlTemplate\":\"https:\/\/www.opuzen.hr\/grad\/?s={search_term_string}\"},\"query-input\":\"required name=search_term_string\"}],\"inLanguage\":\"hr\"},{\"@type\":\"Organization\",\"@id\":\"https:\/\/www.opuzen.hr\/grad\/#organization\",\"name\":\"Grad Opuzen\",\"url\":\"https:\/\/www.opuzen.hr\/grad\/\",\"logo\":{\"@type\":\"ImageObject\",\"inLanguage\":\"hr\",\"@id\":\"https:\/\/www.opuzen.hr\/grad\/#\/schema\/logo\/image\/\",\"url\":\"https:\/\/www.opuzen.hr\/grad\/wp-content\/uploads\/2018\/02\/logo-opuzen.jpg\",\"contentUrl\":\"https:\/\/www.opuzen.hr\/grad\/wp-content\/uploads\/2018\/02\/logo-opuzen.jpg\",\"width\":400,\"height\":400,\"caption\":\"Grad Opuzen\"},\"image\":{\"@id\":\"https:\/\/www.opuzen.hr\/grad\/#\/schema\/logo\/image\/\"}},{\"@type\":\"Person\",\"@id\":\"https:\/\/www.opuzen.hr\/grad\/#\/schema\/person\/0a17a9796898e9409a1fa4ca7448a481\",\"name\":\"Grad Opuzen\",\"image\":{\"@type\":\"ImageObject\",\"inLanguage\":\"hr\",\"@id\":\"https:\/\/www.opuzen.hr\/grad\/#\/schema\/person\/image\/\",\"url\":\"https:\/\/secure.gravatar.com\/avatar\/0c54089de4fcf14c0fe3355109a3ac05?s=96&d=mm&r=g\",\"contentUrl\":\"https:\/\/secure.gravatar.com\/avatar\/0c54089de4fcf14c0fe3355109a3ac05?s=96&d=mm&r=g\",\"caption\":\"Grad Opuzen\"},\"url\":\"https:\/\/www.opuzen.hr\/grad\/author\/admin\/\"}]}<\/script>\n<!-- \/ Yoast SEO plugin. -->","yoast_head_json":{"title":"Pozivnica na Dane mandarina 2019. - Grad Opuzen","robots":{"index":"index","follow":"follow","max-snippet":"max-snippet:-1","max-image-preview":"max-image-preview:large","max-video-preview":"max-video-preview:-1"},"canonical":"https:\/\/www.opuzen.hr\/grad\/pozivnica-na-dane-mandarina-2019\/","og_locale":"hr_HR","og_type":"article","og_title":"Pozivnica na Dane mandarina 2019. - Grad Opuzen","og_description":"\u010cetvrtu godinu za redom Srednja poljoprivredna i tehni\u010dka \u0161kola u Opuzenu organizira Dane mandarina. Manifestacija...","og_url":"https:\/\/www.opuzen.hr\/grad\/pozivnica-na-dane-mandarina-2019\/","og_site_name":"Grad Opuzen","article_published_time":"2019-10-14T12:18:26+00:00","article_modified_time":"2023-10-12T11:28:34+00:00","og_image":[{"width":1616,"height":1676,"url":"https:\/\/www.opuzen.hr\/grad\/wp-content\/uploads\/2019\/10\/dani_mandarina-2019png.png","type":"image\/png"}],"author":"Grad Opuzen","twitter_card":"summary_large_image","twitter_misc":{"Napisao\/la":"Grad Opuzen","Procijenjeno vrijeme \u010ditanja":"1 minuta"},"schema":{"@context":"https:\/\/schema.org","@graph":[{"@type":"Article","@id":"https:\/\/www.opuzen.hr\/grad\/pozivnica-na-dane-mandarina-2019\/#article","isPartOf":{"@id":"https:\/\/www.opuzen.hr\/grad\/pozivnica-na-dane-mandarina-2019\/"},"author":{"name":"Grad Opuzen","@id":"https:\/\/www.opuzen.hr\/grad\/#\/schema\/person\/0a17a9796898e9409a1fa4ca7448a481"},"headline":"Pozivnica na Dane mandarina 2019.","datePublished":"2019-10-14T12:18:26+00:00","dateModified":"2023-10-12T11:28:34+00:00","mainEntityOfPage":{"@id":"https:\/\/www.opuzen.hr\/grad\/pozivnica-na-dane-mandarina-2019\/"},"wordCount":216,"publisher":{"@id":"https:\/\/www.opuzen.hr\/grad\/#organization"},"image":{"@id":"https:\/\/www.opuzen.hr\/grad\/pozivnica-na-dane-mandarina-2019\/#primaryimage"},"thumbnailUrl":"https:\/\/www.opuzen.hr\/grad\/wp-content\/uploads\/2019\/10\/dani_mandarina-2019png.png","keywords":["Dani mandarina"],"articleSection":["Novosti"],"inLanguage":"hr"},{"@type":"WebPage","@id":"https:\/\/www.opuzen.hr\/grad\/pozivnica-na-dane-mandarina-2019\/","url":"https:\/\/www.opuzen.hr\/grad\/pozivnica-na-dane-mandarina-2019\/","name":"Pozivnica na Dane mandarina 2019. - Grad Opuzen","isPartOf":{"@id":"https:\/\/www.opuzen.hr\/grad\/#website"},"primaryImageOfPage":{"@id":"https:\/\/www.opuzen.hr\/grad\/pozivnica-na-dane-mandarina-2019\/#primaryimage"},"image":{"@id":"https:\/\/www.opuzen.hr\/grad\/pozivnica-na-dane-mandarina-2019\/#primaryimage"},"thumbnailUrl":"https:\/\/www.opuzen.hr\/grad\/wp-content\/uploads\/2019\/10\/dani_mandarina-2019png.png","datePublished":"2019-10-14T12:18:26+00:00","dateModified":"2023-10-12T11:28:34+00:00","breadcrumb":{"@id":"https:\/\/www.opuzen.hr\/grad\/pozivnica-na-dane-mandarina-2019\/#breadcrumb"},"inLanguage":"hr","potentialAction":[{"@type":"ReadAction","target":["https:\/\/www.opuzen.hr\/grad\/pozivnica-na-dane-mandarina-2019\/"]}]},{"@type":"ImageObject","inLanguage":"hr","@id":"https:\/\/www.opuzen.hr\/grad\/pozivnica-na-dane-mandarina-2019\/#primaryimage","url":"https:\/\/www.opuzen.hr\/grad\/wp-content\/uploads\/2019\/10\/dani_mandarina-2019png.png","contentUrl":"https:\/\/www.opuzen.hr\/grad\/wp-content\/uploads\/2019\/10\/dani_mandarina-2019png.png","width":1616,"height":1676},{"@type":"BreadcrumbList","@id":"https:\/\/www.opuzen.hr\/grad\/pozivnica-na-dane-mandarina-2019\/#breadcrumb","itemListElement":[{"@type":"ListItem","position":1,"name":"Po\u010detna stranica","item":"https:\/\/www.opuzen.hr\/grad\/"},{"@type":"ListItem","position":2,"name":"Pozivnica na Dane mandarina 2019."}]},{"@type":"WebSite","@id":"https:\/\/www.opuzen.hr\/grad\/#website","url":"https:\/\/www.opuzen.hr\/grad\/","name":"Grad Opuzen","description":"Slu\u017ebene mre\u017ene stranice Grada Opuzena","publisher":{"@id":"https:\/\/www.opuzen.hr\/grad\/#organization"},"potentialAction":[{"@type":"SearchAction","target":{"@type":"EntryPoint","urlTemplate":"https:\/\/www.opuzen.hr\/grad\/?s={search_term_string}"},"query-input":"required name=search_term_string"}],"inLanguage":"hr"},{"@type":"Organization","@id":"https:\/\/www.opuzen.hr\/grad\/#organization","name":"Grad Opuzen","url":"https:\/\/www.opuzen.hr\/grad\/","logo":{"@type":"ImageObject","inLanguage":"hr","@id":"https:\/\/www.opuzen.hr\/grad\/#\/schema\/logo\/image\/","url":"https:\/\/www.opuzen.hr\/grad\/wp-content\/uploads\/2018\/02\/logo-opuzen.jpg","contentUrl":"https:\/\/www.opuzen.hr\/grad\/wp-content\/uploads\/2018\/02\/logo-opuzen.jpg","width":400,"height":400,"caption":"Grad Opuzen"},"image":{"@id":"https:\/\/www.opuzen.hr\/grad\/#\/schema\/logo\/image\/"}},{"@type":"Person","@id":"https:\/\/www.opuzen.hr\/grad\/#\/schema\/person\/0a17a9796898e9409a1fa4ca7448a481","name":"Grad Opuzen","image":{"@type":"ImageObject","inLanguage":"hr","@id":"https:\/\/www.opuzen.hr\/grad\/#\/schema\/person\/image\/","url":"https:\/\/secure.gravatar.com\/avatar\/0c54089de4fcf14c0fe3355109a3ac05?s=96&d=mm&r=g","contentUrl":"https:\/\/secure.gravatar.com\/avatar\/0c54089de4fcf14c0fe3355109a3ac05?s=96&d=mm&r=g","caption":"Grad Opuzen"},"url":"https:\/\/www.opuzen.hr\/grad\/author\/admin\/"}]}},"_links":{"self":[{"href":"https:\/\/www.opuzen.hr\/grad\/wp-json\/wp\/v2\/posts\/6243"}],"collection":[{"href":"https:\/\/www.opuzen.hr\/grad\/wp-json\/wp\/v2\/posts"}],"about":[{"href":"https:\/\/www.opuzen.hr\/grad\/wp-json\/wp\/v2\/types\/post"}],"author":[{"embeddable":true,"href":"https:\/\/www.opuzen.hr\/grad\/wp-json\/wp\/v2\/users\/3"}],"replies":[{"embeddable":true,"href":"https:\/\/www.opuzen.hr\/grad\/wp-json\/wp\/v2\/comments?post=6243"}],"version-history":[{"count":2,"href":"https:\/\/www.opuzen.hr\/grad\/wp-json\/wp\/v2\/posts\/6243\/revisions"}],"predecessor-version":[{"id":6249,"href":"https:\/\/www.opuzen.hr\/grad\/wp-json\/wp\/v2\/posts\/6243\/revisions\/6249"}],"wp:featuredmedia":[{"embeddable":true,"href":"https:\/\/www.opuzen.hr\/grad\/wp-json\/wp\/v2\/media\/6248"}],"wp:attachment":[{"href":"https:\/\/www.opuzen.hr\/grad\/wp-json\/wp\/v2\/media?parent=6243"}],"wp:term":[{"taxonomy":"category","embeddable":true,"href":"https:\/\/www.opuzen.hr\/grad\/wp-json\/wp\/v2\/categories?post=6243"},{"taxonomy":"post_tag","embeddable":true,"href":"https:\/\/www.opuzen.hr\/grad\/wp-json\/wp\/v2\/tags?post=6243"}],"curies":[{"name":"wp","href":"https:\/\/api.w.org\/{rel}","templated":true}]}}