{"id":6275,"date":"2019-10-20T21:53:59","date_gmt":"2019-10-20T19:53:59","guid":{"rendered":"https:\/\/www.opuzen.hr\/grad\/?p=6275"},"modified":"2023-10-12T13:28:34","modified_gmt":"2023-10-12T11:28:34","slug":"treci-dan-manifestacije-dani-mandarina-organiziran-je-agroturisticki-sajam-u-skolskom-i-gradskom-parku","status":"publish","type":"post","link":"https:\/\/www.opuzen.hr\/grad\/treci-dan-manifestacije-dani-mandarina-organiziran-je-agroturisticki-sajam-u-skolskom-i-gradskom-parku\/","title":{"rendered":"Tre\u0107i dan manifestacije Dani mandarina organiziran je agroturisti\u010dki sajam u \u0161kolskom i gradskom parku"},"content":{"rendered":"<p>Na tre\u0107i dan manifestacije Dani mandarina_2019 uprili\u010deno je vi\u0161e doga\u0111aja. Organiziran je Agroturisti\u010dki sajam i Panel rasprava na temu agroturizma. Na agroturisti\u010dkom sajmu u \u0161kolskom i gradskom parku sudjeluju Udruga hrvatskih branitelja Svilaja sa suhomesnatim proizvodima, OPG Ante Krsti\u010devi\u0107 s proizvodima od drva, OPG Tadija Glavini\u0107 i Katica Utovac s kozmeti\u010dkim proizvodima od meda, propolisa i mati\u010dne mlije\u010di te ljekovitih trava. Dragica Krmek i UOSI Prijatelj ponudili su svoj asortiman rukotvorina i suvenira. Fritule, kola\u010de i doma\u0107e proizvode pripremili su An\u0111elko \u0160irovi\u0107 i Ispeci pa Reci iz Sinja. Mijo \u0106eli\u0107 ponudio je asortiman ljutih umaka, a na\u0161i u\u010denici proizvode U\u010deni\u010dke zadruge: likere od mente, oraha i roga\u010da, balzame od smilja i gospine trave, kantarionovo ulje, ali i eko bombice za kupanje te eko tablete za strojno pranje rublja.<!--more--><\/p>\n<p>U \u0161kolskom parku s po\u010detkom u 10,30 odr\u017eana je panel rasprava o potencijalima agroturizma u dolini Neretve te budu\u0107nosti zanimanja agorturisti\u010dki tehni\u010dar. Na panel raspravi sudjelovali su do\u017eupanica \u017dana Marevi\u0107, ravnateljica razvojne agencije Dunea Melanija Mili\u0107, predstavnik poduzetnika iz podru\u010dja agroturizma Jo\u0161ko Curi\u0107 te Mijo \u0106eli\u0107, proizvo\u0111a\u010d agroturisti\u010dkih proizvoda. Moderator panela bila je ravnateljica Srednje poljoprivredne i tehni\u010dke \u0161kole Ivana Filipovi\u0107.<\/p>\n<p>Ravnateljica Filipovi\u0107 upoznala je prisutne s \u010detvrtim po redu Danima mandarina. Misao vodilja manifestacije je razvoj agroturizma u dolini Neretve, razvoj mandarine kao agroturisti\u010dkog proizvoda te razvoj Neretve kao agroturisti\u010dke destinacije.<\/p>\n<p>Prilikom pripreme panela odradili smo malo istra\u017eivanje te zatra\u017eili od turisti\u010dkih agencija u Dubrovniku da nam ponude paket aran\u017emane koji uklju\u010duju i Neretvu. Niti jedna agencija nije to imala u ponudi, a svjedoci smo da stotine autobusa dnevno prolazi dolinom Neretve prema Mostaru, Me\u0111ugorju\u2026<\/p>\n<p>U zanimljivoj raspravi istaknuti su bogati potencijali neretvanske doline.<\/p>\n<p>Do\u017eupanica Marevi\u0107 pojasnila je napore \u017dupanije da se Neretvanska dolina brendira kao jedinstvena destinacija u \u010demu im poma\u017ee i razvojna agencija Dunea. Ravnateljica Mili\u0107 upoznala nas je s projektima Dunea-e s u ciljem revitalizacije ruralnih podru\u010dja i odr\u017eivog turizma. Cilj projekata je smanjiti pritisak turista na obalna podru\u010dja nude\u0107i kvalitetne sadr\u017eaje i agroturisti\u010dku ponudu u ruralnim podru\u010djima.<\/p>\n<p>Jo\u0161ko Curi\u0107 upoznao nas je s iskustvom njegovog OPG-a u agroturizmu. Istaknuo je vi\u0161egodi\u0161nju suradnju s Udrugom umirovljenika, njihovim posjetima dolini Neretve i pozivnom reakcijom turista na cjelokupni do\u017eivljaj Neretve. Naglasio je kako veliki potencijal razvoja turizma doline Neretve le\u017ei u brendiranju destinacije te za\u0161titi izvornosti mandarine kako bi ta oznaka izvornosti bila polazi\u0161na to\u010dka za razvoj svih ostalih sinergijskih djelatnosti u agroturizmu.<\/p>\n<p>Mijo \u0106eli\u0107, stru\u010dni nastavnik na\u0161e \u0161kole u zanimanju agroturisti\u010dki tehni\u010dar pojasnio je rad u\u010denika na prakti\u010dnoj nastavi u sklopu zanimanja agroturisti\u010dki tehni\u010dar te upoznao prisutne sa zanimljivostima tog zanimanja koje je idealno za na\u0161e neretvansko podneblje i gospodarska grana koju trebamo razvijati.<\/p>\n<p><img fetchpriority=\"high\" decoding=\"async\" class=\"size-full wp-image-6277 aligncenter\" src=\"https:\/\/www.opuzen.hr\/grad\/wp-content\/uploads\/2019\/10\/Dani-mandarina03dan.jpg\" alt=\"\" width=\"2048\" height=\"1365\" srcset=\"https:\/\/www.opuzen.hr\/grad\/wp-content\/uploads\/2019\/10\/Dani-mandarina03dan.jpg 2048w, https:\/\/www.opuzen.hr\/grad\/wp-content\/uploads\/2019\/10\/Dani-mandarina03dan-300x200.jpg 300w, https:\/\/www.opuzen.hr\/grad\/wp-content\/uploads\/2019\/10\/Dani-mandarina03dan-768x512.jpg 768w, https:\/\/www.opuzen.hr\/grad\/wp-content\/uploads\/2019\/10\/Dani-mandarina03dan-1024x683.jpg 1024w, https:\/\/www.opuzen.hr\/grad\/wp-content\/uploads\/2019\/10\/Dani-mandarina03dan-600x400.jpg 600w, https:\/\/www.opuzen.hr\/grad\/wp-content\/uploads\/2019\/10\/Dani-mandarina03dan-150x100.jpg 150w\" sizes=\"(max-width: 2048px) 100vw, 2048px\" \/><\/p>\n<p>Agroturisti\u010dki tehni\u010dar bavi se razvojem agroturizma, \u0161iri turisti\u010dku ponudu i razvojni kapacitet koriste\u0107i raspolo\u017eive resurse na ruralnoj mikrolokaciji, primjerice: osmi\u0161ljavanje ponude temeljene na ekoproizvodima, iskori\u0161tavanje lokalnih prirodnih znamenitosti u svrhu turizma, promicanje rekreativnog i sportskog turizma, razvijanje agroturisti\u010dkih manifestacija, \u0161irenje ugostiteljske ponude temeljene na tradicionalnim proizvodima, itd. Nepregledne su mogu\u0107nosti.<\/p>\n<p>Osim toga nastavnik \u0106eli\u0107 upoznao nas je sa svojim nastojanjima da razvije desetak ljutih umaka s raznim okusima Neretve s kojima bi zakora\u010dio u agroturizam.<br \/>\nRavnateljica Filipovi\u0107 ponovila je nastojanja \u0161kole da kroz ovu manifestaciju \u0161kola promovira zanimanje agroturisti\u010dki tehni\u010dar kao jedno od po\u017eeljnih zanimanja za upis u\u010denika. Svi prisutni slo\u017eili su se kako je potrebno poticati strukovna zanimanja jer je to jedini na\u010din da u\u010denici ostaju u neretvanskoj dolini.<\/p>\n<p>Do\u017eupanica je naglasila napore \u017dupanije u poticanju deficitarnih zanimanja stipendijama te planom \u017eupanije da se i zanimanje agroturisti\u010dki tehni\u010dar uvrsti kao zanimanje koje \u0107e u idu\u0107oj upisnoj godini biti poticano stipendijama koje \u0107e financirati Dubrova\u010dko-neretvanska \u017eupanija.<br \/>\nIza panel rasprave uprili\u010den je prigodni domjenak .<\/p>\n","protected":false},"excerpt":{"rendered":"<p>Na tre\u0107i dan manifestacije Dani mandarina_2019 uprili\u010deno je vi\u0161e doga\u0111aja. Organiziran je Agroturisti\u010dki sajam i&#8230;<\/p>\n","protected":false},"author":3,"featured_media":6276,"comment_status":"closed","ping_status":"closed","sticky":false,"template":"","format":"standard","meta":{"footnotes":""},"categories":[4],"tags":[284],"class_list":["post-6275","post","type-post","status-publish","format-standard","has-post-thumbnail","hentry","category-novosti","tag-dani-mandarina","wpcat-4-id"],"yoast_head":"<!-- This site is optimized with the Yoast SEO plugin v23.1 - https:\/\/yoast.com\/wordpress\/plugins\/seo\/ -->\n<title>Tre\u0107i dan manifestacije Dani mandarina organiziran je agroturisti\u010dki sajam u \u0161kolskom i gradskom parku - Grad Opuzen<\/title>\n<meta name=\"robots\" content=\"index, follow, max-snippet:-1, max-image-preview:large, max-video-preview:-1\" \/>\n<link rel=\"canonical\" href=\"https:\/\/www.opuzen.hr\/grad\/treci-dan-manifestacije-dani-mandarina-organiziran-je-agroturisticki-sajam-u-skolskom-i-gradskom-parku\/\" \/>\n<meta property=\"og:locale\" content=\"hr_HR\" \/>\n<meta property=\"og:type\" content=\"article\" \/>\n<meta property=\"og:title\" content=\"Tre\u0107i dan manifestacije Dani mandarina organiziran je agroturisti\u010dki sajam u \u0161kolskom i gradskom parku - Grad Opuzen\" \/>\n<meta property=\"og:description\" content=\"Na tre\u0107i dan manifestacije Dani mandarina_2019 uprili\u010deno je vi\u0161e doga\u0111aja. Organiziran je Agroturisti\u010dki sajam i...\" \/>\n<meta property=\"og:url\" content=\"https:\/\/www.opuzen.hr\/grad\/treci-dan-manifestacije-dani-mandarina-organiziran-je-agroturisticki-sajam-u-skolskom-i-gradskom-parku\/\" \/>\n<meta property=\"og:site_name\" content=\"Grad Opuzen\" \/>\n<meta property=\"article:published_time\" content=\"2019-10-20T19:53:59+00:00\" \/>\n<meta property=\"article:modified_time\" content=\"2023-10-12T11:28:34+00:00\" \/>\n<meta property=\"og:image\" content=\"https:\/\/www.opuzen.hr\/grad\/wp-content\/uploads\/2019\/10\/Dani-mandarina03dan1.jpg\" \/>\n\t<meta property=\"og:image:width\" content=\"2048\" \/>\n\t<meta property=\"og:image:height\" content=\"1365\" \/>\n\t<meta property=\"og:image:type\" content=\"image\/jpeg\" \/>\n<meta name=\"author\" content=\"Grad Opuzen\" \/>\n<meta name=\"twitter:card\" content=\"summary_large_image\" \/>\n<meta name=\"twitter:label1\" content=\"Napisao\/la\" \/>\n\t<meta name=\"twitter:data1\" content=\"Grad Opuzen\" \/>\n\t<meta name=\"twitter:label2\" content=\"Procijenjeno vrijeme \u010ditanja\" \/>\n\t<meta name=\"twitter:data2\" content=\"3 minute\" \/>\n<script type=\"application\/ld+json\" class=\"yoast-schema-graph\">{\"@context\":\"https:\/\/schema.org\",\"@graph\":[{\"@type\":\"Article\",\"@id\":\"https:\/\/www.opuzen.hr\/grad\/treci-dan-manifestacije-dani-mandarina-organiziran-je-agroturisticki-sajam-u-skolskom-i-gradskom-parku\/#article\",\"isPartOf\":{\"@id\":\"https:\/\/www.opuzen.hr\/grad\/treci-dan-manifestacije-dani-mandarina-organiziran-je-agroturisticki-sajam-u-skolskom-i-gradskom-parku\/\"},\"author\":{\"name\":\"Grad Opuzen\",\"@id\":\"https:\/\/www.opuzen.hr\/grad\/#\/schema\/person\/0a17a9796898e9409a1fa4ca7448a481\"},\"headline\":\"Tre\u0107i dan manifestacije Dani mandarina organiziran je agroturisti\u010dki sajam u \u0161kolskom i gradskom parku\",\"datePublished\":\"2019-10-20T19:53:59+00:00\",\"dateModified\":\"2023-10-12T11:28:34+00:00\",\"mainEntityOfPage\":{\"@id\":\"https:\/\/www.opuzen.hr\/grad\/treci-dan-manifestacije-dani-mandarina-organiziran-je-agroturisticki-sajam-u-skolskom-i-gradskom-parku\/\"},\"wordCount\":699,\"publisher\":{\"@id\":\"https:\/\/www.opuzen.hr\/grad\/#organization\"},\"image\":{\"@id\":\"https:\/\/www.opuzen.hr\/grad\/treci-dan-manifestacije-dani-mandarina-organiziran-je-agroturisticki-sajam-u-skolskom-i-gradskom-parku\/#primaryimage\"},\"thumbnailUrl\":\"https:\/\/www.opuzen.hr\/grad\/wp-content\/uploads\/2019\/10\/Dani-mandarina03dan1.jpg\",\"keywords\":[\"Dani mandarina\"],\"articleSection\":[\"Novosti\"],\"inLanguage\":\"hr\"},{\"@type\":\"WebPage\",\"@id\":\"https:\/\/www.opuzen.hr\/grad\/treci-dan-manifestacije-dani-mandarina-organiziran-je-agroturisticki-sajam-u-skolskom-i-gradskom-parku\/\",\"url\":\"https:\/\/www.opuzen.hr\/grad\/treci-dan-manifestacije-dani-mandarina-organiziran-je-agroturisticki-sajam-u-skolskom-i-gradskom-parku\/\",\"name\":\"Tre\u0107i dan manifestacije Dani mandarina organiziran je agroturisti\u010dki sajam u \u0161kolskom i gradskom parku - Grad Opuzen\",\"isPartOf\":{\"@id\":\"https:\/\/www.opuzen.hr\/grad\/#website\"},\"primaryImageOfPage\":{\"@id\":\"https:\/\/www.opuzen.hr\/grad\/treci-dan-manifestacije-dani-mandarina-organiziran-je-agroturisticki-sajam-u-skolskom-i-gradskom-parku\/#primaryimage\"},\"image\":{\"@id\":\"https:\/\/www.opuzen.hr\/grad\/treci-dan-manifestacije-dani-mandarina-organiziran-je-agroturisticki-sajam-u-skolskom-i-gradskom-parku\/#primaryimage\"},\"thumbnailUrl\":\"https:\/\/www.opuzen.hr\/grad\/wp-content\/uploads\/2019\/10\/Dani-mandarina03dan1.jpg\",\"datePublished\":\"2019-10-20T19:53:59+00:00\",\"dateModified\":\"2023-10-12T11:28:34+00:00\",\"breadcrumb\":{\"@id\":\"https:\/\/www.opuzen.hr\/grad\/treci-dan-manifestacije-dani-mandarina-organiziran-je-agroturisticki-sajam-u-skolskom-i-gradskom-parku\/#breadcrumb\"},\"inLanguage\":\"hr\",\"potentialAction\":[{\"@type\":\"ReadAction\",\"target\":[\"https:\/\/www.opuzen.hr\/grad\/treci-dan-manifestacije-dani-mandarina-organiziran-je-agroturisticki-sajam-u-skolskom-i-gradskom-parku\/\"]}]},{\"@type\":\"ImageObject\",\"inLanguage\":\"hr\",\"@id\":\"https:\/\/www.opuzen.hr\/grad\/treci-dan-manifestacije-dani-mandarina-organiziran-je-agroturisticki-sajam-u-skolskom-i-gradskom-parku\/#primaryimage\",\"url\":\"https:\/\/www.opuzen.hr\/grad\/wp-content\/uploads\/2019\/10\/Dani-mandarina03dan1.jpg\",\"contentUrl\":\"https:\/\/www.opuzen.hr\/grad\/wp-content\/uploads\/2019\/10\/Dani-mandarina03dan1.jpg\",\"width\":2048,\"height\":1365},{\"@type\":\"BreadcrumbList\",\"@id\":\"https:\/\/www.opuzen.hr\/grad\/treci-dan-manifestacije-dani-mandarina-organiziran-je-agroturisticki-sajam-u-skolskom-i-gradskom-parku\/#breadcrumb\",\"itemListElement\":[{\"@type\":\"ListItem\",\"position\":1,\"name\":\"Po\u010detna stranica\",\"item\":\"https:\/\/www.opuzen.hr\/grad\/\"},{\"@type\":\"ListItem\",\"position\":2,\"name\":\"Tre\u0107i dan manifestacije Dani mandarina organiziran je agroturisti\u010dki sajam u \u0161kolskom i gradskom parku\"}]},{\"@type\":\"WebSite\",\"@id\":\"https:\/\/www.opuzen.hr\/grad\/#website\",\"url\":\"https:\/\/www.opuzen.hr\/grad\/\",\"name\":\"Grad Opuzen\",\"description\":\"Slu\u017ebene mre\u017ene stranice Grada Opuzena\",\"publisher\":{\"@id\":\"https:\/\/www.opuzen.hr\/grad\/#organization\"},\"potentialAction\":[{\"@type\":\"SearchAction\",\"target\":{\"@type\":\"EntryPoint\",\"urlTemplate\":\"https:\/\/www.opuzen.hr\/grad\/?s={search_term_string}\"},\"query-input\":\"required name=search_term_string\"}],\"inLanguage\":\"hr\"},{\"@type\":\"Organization\",\"@id\":\"https:\/\/www.opuzen.hr\/grad\/#organization\",\"name\":\"Grad Opuzen\",\"url\":\"https:\/\/www.opuzen.hr\/grad\/\",\"logo\":{\"@type\":\"ImageObject\",\"inLanguage\":\"hr\",\"@id\":\"https:\/\/www.opuzen.hr\/grad\/#\/schema\/logo\/image\/\",\"url\":\"https:\/\/www.opuzen.hr\/grad\/wp-content\/uploads\/2018\/02\/logo-opuzen.jpg\",\"contentUrl\":\"https:\/\/www.opuzen.hr\/grad\/wp-content\/uploads\/2018\/02\/logo-opuzen.jpg\",\"width\":400,\"height\":400,\"caption\":\"Grad Opuzen\"},\"image\":{\"@id\":\"https:\/\/www.opuzen.hr\/grad\/#\/schema\/logo\/image\/\"}},{\"@type\":\"Person\",\"@id\":\"https:\/\/www.opuzen.hr\/grad\/#\/schema\/person\/0a17a9796898e9409a1fa4ca7448a481\",\"name\":\"Grad Opuzen\",\"image\":{\"@type\":\"ImageObject\",\"inLanguage\":\"hr\",\"@id\":\"https:\/\/www.opuzen.hr\/grad\/#\/schema\/person\/image\/\",\"url\":\"https:\/\/secure.gravatar.com\/avatar\/0c54089de4fcf14c0fe3355109a3ac05?s=96&d=mm&r=g\",\"contentUrl\":\"https:\/\/secure.gravatar.com\/avatar\/0c54089de4fcf14c0fe3355109a3ac05?s=96&d=mm&r=g\",\"caption\":\"Grad Opuzen\"},\"url\":\"https:\/\/www.opuzen.hr\/grad\/author\/admin\/\"}]}<\/script>\n<!-- \/ Yoast SEO plugin. -->","yoast_head_json":{"title":"Tre\u0107i dan manifestacije Dani mandarina organiziran je agroturisti\u010dki sajam u \u0161kolskom i gradskom parku - Grad Opuzen","robots":{"index":"index","follow":"follow","max-snippet":"max-snippet:-1","max-image-preview":"max-image-preview:large","max-video-preview":"max-video-preview:-1"},"canonical":"https:\/\/www.opuzen.hr\/grad\/treci-dan-manifestacije-dani-mandarina-organiziran-je-agroturisticki-sajam-u-skolskom-i-gradskom-parku\/","og_locale":"hr_HR","og_type":"article","og_title":"Tre\u0107i dan manifestacije Dani mandarina organiziran je agroturisti\u010dki sajam u \u0161kolskom i gradskom parku - Grad Opuzen","og_description":"Na tre\u0107i dan manifestacije Dani mandarina_2019 uprili\u010deno je vi\u0161e doga\u0111aja. Organiziran je Agroturisti\u010dki sajam i...","og_url":"https:\/\/www.opuzen.hr\/grad\/treci-dan-manifestacije-dani-mandarina-organiziran-je-agroturisticki-sajam-u-skolskom-i-gradskom-parku\/","og_site_name":"Grad Opuzen","article_published_time":"2019-10-20T19:53:59+00:00","article_modified_time":"2023-10-12T11:28:34+00:00","og_image":[{"width":2048,"height":1365,"url":"https:\/\/www.opuzen.hr\/grad\/wp-content\/uploads\/2019\/10\/Dani-mandarina03dan1.jpg","type":"image\/jpeg"}],"author":"Grad Opuzen","twitter_card":"summary_large_image","twitter_misc":{"Napisao\/la":"Grad Opuzen","Procijenjeno vrijeme \u010ditanja":"3 minute"},"schema":{"@context":"https:\/\/schema.org","@graph":[{"@type":"Article","@id":"https:\/\/www.opuzen.hr\/grad\/treci-dan-manifestacije-dani-mandarina-organiziran-je-agroturisticki-sajam-u-skolskom-i-gradskom-parku\/#article","isPartOf":{"@id":"https:\/\/www.opuzen.hr\/grad\/treci-dan-manifestacije-dani-mandarina-organiziran-je-agroturisticki-sajam-u-skolskom-i-gradskom-parku\/"},"author":{"name":"Grad Opuzen","@id":"https:\/\/www.opuzen.hr\/grad\/#\/schema\/person\/0a17a9796898e9409a1fa4ca7448a481"},"headline":"Tre\u0107i dan manifestacije Dani mandarina organiziran je agroturisti\u010dki sajam u \u0161kolskom i gradskom parku","datePublished":"2019-10-20T19:53:59+00:00","dateModified":"2023-10-12T11:28:34+00:00","mainEntityOfPage":{"@id":"https:\/\/www.opuzen.hr\/grad\/treci-dan-manifestacije-dani-mandarina-organiziran-je-agroturisticki-sajam-u-skolskom-i-gradskom-parku\/"},"wordCount":699,"publisher":{"@id":"https:\/\/www.opuzen.hr\/grad\/#organization"},"image":{"@id":"https:\/\/www.opuzen.hr\/grad\/treci-dan-manifestacije-dani-mandarina-organiziran-je-agroturisticki-sajam-u-skolskom-i-gradskom-parku\/#primaryimage"},"thumbnailUrl":"https:\/\/www.opuzen.hr\/grad\/wp-content\/uploads\/2019\/10\/Dani-mandarina03dan1.jpg","keywords":["Dani mandarina"],"articleSection":["Novosti"],"inLanguage":"hr"},{"@type":"WebPage","@id":"https:\/\/www.opuzen.hr\/grad\/treci-dan-manifestacije-dani-mandarina-organiziran-je-agroturisticki-sajam-u-skolskom-i-gradskom-parku\/","url":"https:\/\/www.opuzen.hr\/grad\/treci-dan-manifestacije-dani-mandarina-organiziran-je-agroturisticki-sajam-u-skolskom-i-gradskom-parku\/","name":"Tre\u0107i dan manifestacije Dani mandarina organiziran je agroturisti\u010dki sajam u \u0161kolskom i gradskom parku - Grad Opuzen","isPartOf":{"@id":"https:\/\/www.opuzen.hr\/grad\/#website"},"primaryImageOfPage":{"@id":"https:\/\/www.opuzen.hr\/grad\/treci-dan-manifestacije-dani-mandarina-organiziran-je-agroturisticki-sajam-u-skolskom-i-gradskom-parku\/#primaryimage"},"image":{"@id":"https:\/\/www.opuzen.hr\/grad\/treci-dan-manifestacije-dani-mandarina-organiziran-je-agroturisticki-sajam-u-skolskom-i-gradskom-parku\/#primaryimage"},"thumbnailUrl":"https:\/\/www.opuzen.hr\/grad\/wp-content\/uploads\/2019\/10\/Dani-mandarina03dan1.jpg","datePublished":"2019-10-20T19:53:59+00:00","dateModified":"2023-10-12T11:28:34+00:00","breadcrumb":{"@id":"https:\/\/www.opuzen.hr\/grad\/treci-dan-manifestacije-dani-mandarina-organiziran-je-agroturisticki-sajam-u-skolskom-i-gradskom-parku\/#breadcrumb"},"inLanguage":"hr","potentialAction":[{"@type":"ReadAction","target":["https:\/\/www.opuzen.hr\/grad\/treci-dan-manifestacije-dani-mandarina-organiziran-je-agroturisticki-sajam-u-skolskom-i-gradskom-parku\/"]}]},{"@type":"ImageObject","inLanguage":"hr","@id":"https:\/\/www.opuzen.hr\/grad\/treci-dan-manifestacije-dani-mandarina-organiziran-je-agroturisticki-sajam-u-skolskom-i-gradskom-parku\/#primaryimage","url":"https:\/\/www.opuzen.hr\/grad\/wp-content\/uploads\/2019\/10\/Dani-mandarina03dan1.jpg","contentUrl":"https:\/\/www.opuzen.hr\/grad\/wp-content\/uploads\/2019\/10\/Dani-mandarina03dan1.jpg","width":2048,"height":1365},{"@type":"BreadcrumbList","@id":"https:\/\/www.opuzen.hr\/grad\/treci-dan-manifestacije-dani-mandarina-organiziran-je-agroturisticki-sajam-u-skolskom-i-gradskom-parku\/#breadcrumb","itemListElement":[{"@type":"ListItem","position":1,"name":"Po\u010detna stranica","item":"https:\/\/www.opuzen.hr\/grad\/"},{"@type":"ListItem","position":2,"name":"Tre\u0107i dan manifestacije Dani mandarina organiziran je agroturisti\u010dki sajam u \u0161kolskom i gradskom parku"}]},{"@type":"WebSite","@id":"https:\/\/www.opuzen.hr\/grad\/#website","url":"https:\/\/www.opuzen.hr\/grad\/","name":"Grad Opuzen","description":"Slu\u017ebene mre\u017ene stranice Grada Opuzena","publisher":{"@id":"https:\/\/www.opuzen.hr\/grad\/#organization"},"potentialAction":[{"@type":"SearchAction","target":{"@type":"EntryPoint","urlTemplate":"https:\/\/www.opuzen.hr\/grad\/?s={search_term_string}"},"query-input":"required name=search_term_string"}],"inLanguage":"hr"},{"@type":"Organization","@id":"https:\/\/www.opuzen.hr\/grad\/#organization","name":"Grad Opuzen","url":"https:\/\/www.opuzen.hr\/grad\/","logo":{"@type":"ImageObject","inLanguage":"hr","@id":"https:\/\/www.opuzen.hr\/grad\/#\/schema\/logo\/image\/","url":"https:\/\/www.opuzen.hr\/grad\/wp-content\/uploads\/2018\/02\/logo-opuzen.jpg","contentUrl":"https:\/\/www.opuzen.hr\/grad\/wp-content\/uploads\/2018\/02\/logo-opuzen.jpg","width":400,"height":400,"caption":"Grad Opuzen"},"image":{"@id":"https:\/\/www.opuzen.hr\/grad\/#\/schema\/logo\/image\/"}},{"@type":"Person","@id":"https:\/\/www.opuzen.hr\/grad\/#\/schema\/person\/0a17a9796898e9409a1fa4ca7448a481","name":"Grad Opuzen","image":{"@type":"ImageObject","inLanguage":"hr","@id":"https:\/\/www.opuzen.hr\/grad\/#\/schema\/person\/image\/","url":"https:\/\/secure.gravatar.com\/avatar\/0c54089de4fcf14c0fe3355109a3ac05?s=96&d=mm&r=g","contentUrl":"https:\/\/secure.gravatar.com\/avatar\/0c54089de4fcf14c0fe3355109a3ac05?s=96&d=mm&r=g","caption":"Grad Opuzen"},"url":"https:\/\/www.opuzen.hr\/grad\/author\/admin\/"}]}},"_links":{"self":[{"href":"https:\/\/www.opuzen.hr\/grad\/wp-json\/wp\/v2\/posts\/6275"}],"collection":[{"href":"https:\/\/www.opuzen.hr\/grad\/wp-json\/wp\/v2\/posts"}],"about":[{"href":"https:\/\/www.opuzen.hr\/grad\/wp-json\/wp\/v2\/types\/post"}],"author":[{"embeddable":true,"href":"https:\/\/www.opuzen.hr\/grad\/wp-json\/wp\/v2\/users\/3"}],"replies":[{"embeddable":true,"href":"https:\/\/www.opuzen.hr\/grad\/wp-json\/wp\/v2\/comments?post=6275"}],"version-history":[{"count":1,"href":"https:\/\/www.opuzen.hr\/grad\/wp-json\/wp\/v2\/posts\/6275\/revisions"}],"predecessor-version":[{"id":6278,"href":"https:\/\/www.opuzen.hr\/grad\/wp-json\/wp\/v2\/posts\/6275\/revisions\/6278"}],"wp:featuredmedia":[{"embeddable":true,"href":"https:\/\/www.opuzen.hr\/grad\/wp-json\/wp\/v2\/media\/6276"}],"wp:attachment":[{"href":"https:\/\/www.opuzen.hr\/grad\/wp-json\/wp\/v2\/media?parent=6275"}],"wp:term":[{"taxonomy":"category","embeddable":true,"href":"https:\/\/www.opuzen.hr\/grad\/wp-json\/wp\/v2\/categories?post=6275"},{"taxonomy":"post_tag","embeddable":true,"href":"https:\/\/www.opuzen.hr\/grad\/wp-json\/wp\/v2\/tags?post=6275"}],"curies":[{"name":"wp","href":"https:\/\/api.w.org\/{rel}","templated":true}]}}