{"id":6342,"date":"2019-11-18T08:54:46","date_gmt":"2019-11-18T07:54:46","guid":{"rendered":"https:\/\/www.opuzen.hr\/grad\/?p=6342"},"modified":"2023-10-12T13:28:34","modified_gmt":"2023-10-12T11:28:34","slug":"cef-telekom-projekt-ministarstva-gospodarstva-poduzetnistva-i-obrta-lore-uvodenja-elektronickog-racuna-u-poslovanje-tijela-lokalne-i-podrucne-samouprave","status":"publish","type":"post","link":"https:\/\/www.opuzen.hr\/grad\/cef-telekom-projekt-ministarstva-gospodarstva-poduzetnistva-i-obrta-lore-uvodenja-elektronickog-racuna-u-poslovanje-tijela-lokalne-i-podrucne-samouprave\/","title":{"rendered":"CEF TELEKOM PROJEKT Ministarstva gospodarstva, poduzetni\u0161tva i obrta LoRe \u2013 uvo\u0111enja elektroni\u010dkog ra\u010duna u poslovanje tijela lokalne i podru\u010dne samouprave"},"content":{"rendered":"<p>Ministarstvo gospodarstva, poduzetni\u0161tva i obrta kao CEF Telekom koordinator i partner projektu organiziralo je javno predstavljanje rezultata CEF projekta \u201eCroatian eInvoicing for Local and Regional Authorities\u201c (In-LoRe) CEF Action No: 2017-HR-IA-0143.<\/p>\n<p>Svrha i cilj doga\u0111anja bila je predstaviti \u0161iroj javnosti i zainteresiranim dionicoma eRa\u010dun i njegovo uvo\u0111enje u procese javne nabave u Republici Hrvatskoj, novi zakonodavni okvir i europsku normu za eRa\u010dun te ujedno predstaviti i In-LoRe projekt, kao i dosada\u0161nje projekte i njihove klju\u010dne rezultate koji su postignuti provo\u0111enjem projekta kroz CEF Telekom program.<\/p>\n<p>Doga\u0111anje je pru\u017eilo voditeljima projekta da pobli\u017ee upoznaju sudionike i javnost s eRa\u010dunom i njegovoim uvo\u0111enja u postupke javne nabave u Republici Hrvatskoj. Predstavljeni su koordinator kao nositelj projekta i 80 projektnih partnera te pojedinosti o projektu;<\/p>\n<ul>\n<li>12 mjeseci trajanja projekta<\/li>\n<li>Vrijednost projekta preko 1 miljun Eura<\/li>\n<li>4 glavne projektne aktivnosti<\/li>\n<li>Najve\u0107i CEF Telekom partnerski konzorcij<\/li>\n<\/ul>\n<p>65 projektnih partnera registrirano na sredi\u0161nji portal \u201eeRa\u010dun za obveznike javne nabave\u201d u svrhu omogu\u0107avanja zaprimanja i obrade elektroni\u010dkih ra\u010duna uskla\u0111enih s Europskom normom (EN) i provo\u0111enja postupka obra\u010duna\/likvidacije eRa\u010duna.<\/p>\n<p>54 projektna partnera izvr\u0161ila prilagodbe za zaprimanje i obradu elektroni\u010dkih ra\u010duna uskla\u0111enih s Europskom normom (EN) te integrirani s platformom \u201eeRa\u010dun za dr\u017eavu\u201d. Provedeni su treninzi projektnih partnera i ostalih klju\u010dnih dionika \u2013 cca 30 radionica, a educirano je cca 1000 subjekata.<\/p>\n<p>Tako\u0111er su se sudionici podsjetili na zakonodavni okvir, modele razmjene eRa\u010duna koji su naj\u010de\u0161\u0107i u Republici Hrvatskoj, funkcionalnost nacionalne centralne platforme za razmjenu eRa\u010duna sukladno europskoj normi za eRa\u010dun. Sudionicima je tako\u0111er prezentiran CEF Telekom program, dosada zavr\u0161eni i prijavljeni projekti (eInvoicing, eDelivery, eProcurement, Cyber Security), gradivni blokovi CEF Telecom te natje\u010daji koji su otvoreni do 14. studenog 2019. u svrhu kori\u0161tenja tehnologija za konkurentnije i sigurnije digitalno gospodarstvo, s posebnim naglaskom na budu\u0107e projekte koje \u0107e provoditi Ministarstvo gospodarstva, poduzetni\u0161tva i obrta.<\/p>\n<p><img fetchpriority=\"high\" decoding=\"async\" class=\"aligncenter wp-image-6347 size-full\" src=\"https:\/\/www.opuzen.hr\/grad\/wp-content\/uploads\/2019\/09\/financiranoEU.png\" alt=\"\" width=\"749\" height=\"132\" srcset=\"https:\/\/www.opuzen.hr\/grad\/wp-content\/uploads\/2019\/09\/financiranoEU.png 749w, https:\/\/www.opuzen.hr\/grad\/wp-content\/uploads\/2019\/09\/financiranoEU-300x53.png 300w, https:\/\/www.opuzen.hr\/grad\/wp-content\/uploads\/2019\/09\/financiranoEU-600x106.png 600w, https:\/\/www.opuzen.hr\/grad\/wp-content\/uploads\/2019\/09\/financiranoEU-150x26.png 150w\" sizes=\"(max-width: 749px) 100vw, 749px\" \/><\/p>\n","protected":false},"excerpt":{"rendered":"<p>Ministarstvo gospodarstva, poduzetni\u0161tva i obrta kao CEF Telekom koordinator i partner projektu organiziralo je javno&#8230;<\/p>\n","protected":false},"author":3,"featured_media":6346,"comment_status":"closed","ping_status":"closed","sticky":false,"template":"","format":"standard","meta":{"footnotes":""},"categories":[279,278,4],"tags":[282,285],"class_list":["post-6342","post","type-post","status-publish","format-standard","has-post-thumbnail","hentry","category-cef","category-cef-telecom","category-novosti","tag-cef-telecom","tag-in-lore","wpcat-279-id","wpcat-278-id","wpcat-4-id"],"yoast_head":"<!-- This site is optimized with the Yoast SEO plugin v23.1 - https:\/\/yoast.com\/wordpress\/plugins\/seo\/ -->\n<title>CEF TELEKOM PROJEKT Ministarstva gospodarstva, poduzetni\u0161tva i obrta LoRe \u2013 uvo\u0111enja elektroni\u010dkog ra\u010duna u poslovanje tijela lokalne i podru\u010dne samouprave - Grad Opuzen<\/title>\n<meta name=\"robots\" content=\"index, follow, max-snippet:-1, max-image-preview:large, max-video-preview:-1\" \/>\n<link rel=\"canonical\" href=\"https:\/\/www.opuzen.hr\/grad\/cef-telekom-projekt-ministarstva-gospodarstva-poduzetnistva-i-obrta-lore-uvodenja-elektronickog-racuna-u-poslovanje-tijela-lokalne-i-podrucne-samouprave\/\" \/>\n<meta property=\"og:locale\" content=\"hr_HR\" \/>\n<meta property=\"og:type\" content=\"article\" \/>\n<meta property=\"og:title\" content=\"CEF TELEKOM PROJEKT Ministarstva gospodarstva, poduzetni\u0161tva i obrta LoRe \u2013 uvo\u0111enja elektroni\u010dkog ra\u010duna u poslovanje tijela lokalne i podru\u010dne samouprave - Grad Opuzen\" \/>\n<meta property=\"og:description\" content=\"Ministarstvo gospodarstva, poduzetni\u0161tva i obrta kao CEF Telekom koordinator i partner projektu organiziralo je javno...\" \/>\n<meta property=\"og:url\" content=\"https:\/\/www.opuzen.hr\/grad\/cef-telekom-projekt-ministarstva-gospodarstva-poduzetnistva-i-obrta-lore-uvodenja-elektronickog-racuna-u-poslovanje-tijela-lokalne-i-podrucne-samouprave\/\" \/>\n<meta property=\"og:site_name\" content=\"Grad Opuzen\" \/>\n<meta property=\"article:published_time\" content=\"2019-11-18T07:54:46+00:00\" \/>\n<meta property=\"article:modified_time\" content=\"2023-10-12T11:28:34+00:00\" \/>\n<meta property=\"og:image\" content=\"https:\/\/www.opuzen.hr\/grad\/wp-content\/uploads\/2019\/09\/CEF_lore201.jpg\" \/>\n\t<meta property=\"og:image:width\" content=\"750\" \/>\n\t<meta property=\"og:image:height\" content=\"500\" \/>\n\t<meta property=\"og:image:type\" content=\"image\/jpeg\" \/>\n<meta name=\"author\" content=\"Grad Opuzen\" \/>\n<meta name=\"twitter:card\" content=\"summary_large_image\" \/>\n<meta name=\"twitter:label1\" content=\"Napisao\/la\" \/>\n\t<meta name=\"twitter:data1\" content=\"Grad Opuzen\" \/>\n\t<meta name=\"twitter:label2\" content=\"Procijenjeno vrijeme \u010ditanja\" \/>\n\t<meta name=\"twitter:data2\" content=\"2 minute\" \/>\n<script type=\"application\/ld+json\" class=\"yoast-schema-graph\">{\"@context\":\"https:\/\/schema.org\",\"@graph\":[{\"@type\":\"Article\",\"@id\":\"https:\/\/www.opuzen.hr\/grad\/cef-telekom-projekt-ministarstva-gospodarstva-poduzetnistva-i-obrta-lore-uvodenja-elektronickog-racuna-u-poslovanje-tijela-lokalne-i-podrucne-samouprave\/#article\",\"isPartOf\":{\"@id\":\"https:\/\/www.opuzen.hr\/grad\/cef-telekom-projekt-ministarstva-gospodarstva-poduzetnistva-i-obrta-lore-uvodenja-elektronickog-racuna-u-poslovanje-tijela-lokalne-i-podrucne-samouprave\/\"},\"author\":{\"name\":\"Grad Opuzen\",\"@id\":\"https:\/\/www.opuzen.hr\/grad\/#\/schema\/person\/0a17a9796898e9409a1fa4ca7448a481\"},\"headline\":\"CEF TELEKOM PROJEKT Ministarstva gospodarstva, poduzetni\u0161tva i obrta LoRe \u2013 uvo\u0111enja elektroni\u010dkog ra\u010duna u poslovanje tijela lokalne i podru\u010dne samouprave\",\"datePublished\":\"2019-11-18T07:54:46+00:00\",\"dateModified\":\"2023-10-12T11:28:34+00:00\",\"mainEntityOfPage\":{\"@id\":\"https:\/\/www.opuzen.hr\/grad\/cef-telekom-projekt-ministarstva-gospodarstva-poduzetnistva-i-obrta-lore-uvodenja-elektronickog-racuna-u-poslovanje-tijela-lokalne-i-podrucne-samouprave\/\"},\"wordCount\":352,\"publisher\":{\"@id\":\"https:\/\/www.opuzen.hr\/grad\/#organization\"},\"image\":{\"@id\":\"https:\/\/www.opuzen.hr\/grad\/cef-telekom-projekt-ministarstva-gospodarstva-poduzetnistva-i-obrta-lore-uvodenja-elektronickog-racuna-u-poslovanje-tijela-lokalne-i-podrucne-samouprave\/#primaryimage\"},\"thumbnailUrl\":\"https:\/\/www.opuzen.hr\/grad\/wp-content\/uploads\/2019\/09\/CEF_lore201.jpg\",\"keywords\":[\"CEF Telecom\",\"In-LoRe\"],\"articleSection\":[\"CEF\",\"CEF Telecom\",\"Novosti\"],\"inLanguage\":\"hr\"},{\"@type\":\"WebPage\",\"@id\":\"https:\/\/www.opuzen.hr\/grad\/cef-telekom-projekt-ministarstva-gospodarstva-poduzetnistva-i-obrta-lore-uvodenja-elektronickog-racuna-u-poslovanje-tijela-lokalne-i-podrucne-samouprave\/\",\"url\":\"https:\/\/www.opuzen.hr\/grad\/cef-telekom-projekt-ministarstva-gospodarstva-poduzetnistva-i-obrta-lore-uvodenja-elektronickog-racuna-u-poslovanje-tijela-lokalne-i-podrucne-samouprave\/\",\"name\":\"CEF TELEKOM PROJEKT Ministarstva gospodarstva, poduzetni\u0161tva i obrta LoRe \u2013 uvo\u0111enja elektroni\u010dkog ra\u010duna u poslovanje tijela lokalne i podru\u010dne samouprave - Grad Opuzen\",\"isPartOf\":{\"@id\":\"https:\/\/www.opuzen.hr\/grad\/#website\"},\"primaryImageOfPage\":{\"@id\":\"https:\/\/www.opuzen.hr\/grad\/cef-telekom-projekt-ministarstva-gospodarstva-poduzetnistva-i-obrta-lore-uvodenja-elektronickog-racuna-u-poslovanje-tijela-lokalne-i-podrucne-samouprave\/#primaryimage\"},\"image\":{\"@id\":\"https:\/\/www.opuzen.hr\/grad\/cef-telekom-projekt-ministarstva-gospodarstva-poduzetnistva-i-obrta-lore-uvodenja-elektronickog-racuna-u-poslovanje-tijela-lokalne-i-podrucne-samouprave\/#primaryimage\"},\"thumbnailUrl\":\"https:\/\/www.opuzen.hr\/grad\/wp-content\/uploads\/2019\/09\/CEF_lore201.jpg\",\"datePublished\":\"2019-11-18T07:54:46+00:00\",\"dateModified\":\"2023-10-12T11:28:34+00:00\",\"breadcrumb\":{\"@id\":\"https:\/\/www.opuzen.hr\/grad\/cef-telekom-projekt-ministarstva-gospodarstva-poduzetnistva-i-obrta-lore-uvodenja-elektronickog-racuna-u-poslovanje-tijela-lokalne-i-podrucne-samouprave\/#breadcrumb\"},\"inLanguage\":\"hr\",\"potentialAction\":[{\"@type\":\"ReadAction\",\"target\":[\"https:\/\/www.opuzen.hr\/grad\/cef-telekom-projekt-ministarstva-gospodarstva-poduzetnistva-i-obrta-lore-uvodenja-elektronickog-racuna-u-poslovanje-tijela-lokalne-i-podrucne-samouprave\/\"]}]},{\"@type\":\"ImageObject\",\"inLanguage\":\"hr\",\"@id\":\"https:\/\/www.opuzen.hr\/grad\/cef-telekom-projekt-ministarstva-gospodarstva-poduzetnistva-i-obrta-lore-uvodenja-elektronickog-racuna-u-poslovanje-tijela-lokalne-i-podrucne-samouprave\/#primaryimage\",\"url\":\"https:\/\/www.opuzen.hr\/grad\/wp-content\/uploads\/2019\/09\/CEF_lore201.jpg\",\"contentUrl\":\"https:\/\/www.opuzen.hr\/grad\/wp-content\/uploads\/2019\/09\/CEF_lore201.jpg\",\"width\":750,\"height\":500},{\"@type\":\"BreadcrumbList\",\"@id\":\"https:\/\/www.opuzen.hr\/grad\/cef-telekom-projekt-ministarstva-gospodarstva-poduzetnistva-i-obrta-lore-uvodenja-elektronickog-racuna-u-poslovanje-tijela-lokalne-i-podrucne-samouprave\/#breadcrumb\",\"itemListElement\":[{\"@type\":\"ListItem\",\"position\":1,\"name\":\"Po\u010detna stranica\",\"item\":\"https:\/\/www.opuzen.hr\/grad\/\"},{\"@type\":\"ListItem\",\"position\":2,\"name\":\"CEF TELEKOM PROJEKT Ministarstva gospodarstva, poduzetni\u0161tva i obrta LoRe \u2013 uvo\u0111enja elektroni\u010dkog ra\u010duna u poslovanje tijela lokalne i podru\u010dne samouprave\"}]},{\"@type\":\"WebSite\",\"@id\":\"https:\/\/www.opuzen.hr\/grad\/#website\",\"url\":\"https:\/\/www.opuzen.hr\/grad\/\",\"name\":\"Grad Opuzen\",\"description\":\"Slu\u017ebene mre\u017ene stranice Grada Opuzena\",\"publisher\":{\"@id\":\"https:\/\/www.opuzen.hr\/grad\/#organization\"},\"potentialAction\":[{\"@type\":\"SearchAction\",\"target\":{\"@type\":\"EntryPoint\",\"urlTemplate\":\"https:\/\/www.opuzen.hr\/grad\/?s={search_term_string}\"},\"query-input\":\"required name=search_term_string\"}],\"inLanguage\":\"hr\"},{\"@type\":\"Organization\",\"@id\":\"https:\/\/www.opuzen.hr\/grad\/#organization\",\"name\":\"Grad Opuzen\",\"url\":\"https:\/\/www.opuzen.hr\/grad\/\",\"logo\":{\"@type\":\"ImageObject\",\"inLanguage\":\"hr\",\"@id\":\"https:\/\/www.opuzen.hr\/grad\/#\/schema\/logo\/image\/\",\"url\":\"https:\/\/www.opuzen.hr\/grad\/wp-content\/uploads\/2018\/02\/logo-opuzen.jpg\",\"contentUrl\":\"https:\/\/www.opuzen.hr\/grad\/wp-content\/uploads\/2018\/02\/logo-opuzen.jpg\",\"width\":400,\"height\":400,\"caption\":\"Grad Opuzen\"},\"image\":{\"@id\":\"https:\/\/www.opuzen.hr\/grad\/#\/schema\/logo\/image\/\"}},{\"@type\":\"Person\",\"@id\":\"https:\/\/www.opuzen.hr\/grad\/#\/schema\/person\/0a17a9796898e9409a1fa4ca7448a481\",\"name\":\"Grad Opuzen\",\"image\":{\"@type\":\"ImageObject\",\"inLanguage\":\"hr\",\"@id\":\"https:\/\/www.opuzen.hr\/grad\/#\/schema\/person\/image\/\",\"url\":\"https:\/\/secure.gravatar.com\/avatar\/0c54089de4fcf14c0fe3355109a3ac05?s=96&d=mm&r=g\",\"contentUrl\":\"https:\/\/secure.gravatar.com\/avatar\/0c54089de4fcf14c0fe3355109a3ac05?s=96&d=mm&r=g\",\"caption\":\"Grad Opuzen\"},\"url\":\"https:\/\/www.opuzen.hr\/grad\/author\/admin\/\"}]}<\/script>\n<!-- \/ Yoast SEO plugin. -->","yoast_head_json":{"title":"CEF TELEKOM PROJEKT Ministarstva gospodarstva, poduzetni\u0161tva i obrta LoRe \u2013 uvo\u0111enja elektroni\u010dkog ra\u010duna u poslovanje tijela lokalne i podru\u010dne samouprave - Grad Opuzen","robots":{"index":"index","follow":"follow","max-snippet":"max-snippet:-1","max-image-preview":"max-image-preview:large","max-video-preview":"max-video-preview:-1"},"canonical":"https:\/\/www.opuzen.hr\/grad\/cef-telekom-projekt-ministarstva-gospodarstva-poduzetnistva-i-obrta-lore-uvodenja-elektronickog-racuna-u-poslovanje-tijela-lokalne-i-podrucne-samouprave\/","og_locale":"hr_HR","og_type":"article","og_title":"CEF TELEKOM PROJEKT Ministarstva gospodarstva, poduzetni\u0161tva i obrta LoRe \u2013 uvo\u0111enja elektroni\u010dkog ra\u010duna u poslovanje tijela lokalne i podru\u010dne samouprave - Grad Opuzen","og_description":"Ministarstvo gospodarstva, poduzetni\u0161tva i obrta kao CEF Telekom koordinator i partner projektu organiziralo je javno...","og_url":"https:\/\/www.opuzen.hr\/grad\/cef-telekom-projekt-ministarstva-gospodarstva-poduzetnistva-i-obrta-lore-uvodenja-elektronickog-racuna-u-poslovanje-tijela-lokalne-i-podrucne-samouprave\/","og_site_name":"Grad Opuzen","article_published_time":"2019-11-18T07:54:46+00:00","article_modified_time":"2023-10-12T11:28:34+00:00","og_image":[{"width":750,"height":500,"url":"https:\/\/www.opuzen.hr\/grad\/wp-content\/uploads\/2019\/09\/CEF_lore201.jpg","type":"image\/jpeg"}],"author":"Grad Opuzen","twitter_card":"summary_large_image","twitter_misc":{"Napisao\/la":"Grad Opuzen","Procijenjeno vrijeme \u010ditanja":"2 minute"},"schema":{"@context":"https:\/\/schema.org","@graph":[{"@type":"Article","@id":"https:\/\/www.opuzen.hr\/grad\/cef-telekom-projekt-ministarstva-gospodarstva-poduzetnistva-i-obrta-lore-uvodenja-elektronickog-racuna-u-poslovanje-tijela-lokalne-i-podrucne-samouprave\/#article","isPartOf":{"@id":"https:\/\/www.opuzen.hr\/grad\/cef-telekom-projekt-ministarstva-gospodarstva-poduzetnistva-i-obrta-lore-uvodenja-elektronickog-racuna-u-poslovanje-tijela-lokalne-i-podrucne-samouprave\/"},"author":{"name":"Grad Opuzen","@id":"https:\/\/www.opuzen.hr\/grad\/#\/schema\/person\/0a17a9796898e9409a1fa4ca7448a481"},"headline":"CEF TELEKOM PROJEKT Ministarstva gospodarstva, poduzetni\u0161tva i obrta LoRe \u2013 uvo\u0111enja elektroni\u010dkog ra\u010duna u poslovanje tijela lokalne i podru\u010dne samouprave","datePublished":"2019-11-18T07:54:46+00:00","dateModified":"2023-10-12T11:28:34+00:00","mainEntityOfPage":{"@id":"https:\/\/www.opuzen.hr\/grad\/cef-telekom-projekt-ministarstva-gospodarstva-poduzetnistva-i-obrta-lore-uvodenja-elektronickog-racuna-u-poslovanje-tijela-lokalne-i-podrucne-samouprave\/"},"wordCount":352,"publisher":{"@id":"https:\/\/www.opuzen.hr\/grad\/#organization"},"image":{"@id":"https:\/\/www.opuzen.hr\/grad\/cef-telekom-projekt-ministarstva-gospodarstva-poduzetnistva-i-obrta-lore-uvodenja-elektronickog-racuna-u-poslovanje-tijela-lokalne-i-podrucne-samouprave\/#primaryimage"},"thumbnailUrl":"https:\/\/www.opuzen.hr\/grad\/wp-content\/uploads\/2019\/09\/CEF_lore201.jpg","keywords":["CEF Telecom","In-LoRe"],"articleSection":["CEF","CEF Telecom","Novosti"],"inLanguage":"hr"},{"@type":"WebPage","@id":"https:\/\/www.opuzen.hr\/grad\/cef-telekom-projekt-ministarstva-gospodarstva-poduzetnistva-i-obrta-lore-uvodenja-elektronickog-racuna-u-poslovanje-tijela-lokalne-i-podrucne-samouprave\/","url":"https:\/\/www.opuzen.hr\/grad\/cef-telekom-projekt-ministarstva-gospodarstva-poduzetnistva-i-obrta-lore-uvodenja-elektronickog-racuna-u-poslovanje-tijela-lokalne-i-podrucne-samouprave\/","name":"CEF TELEKOM PROJEKT Ministarstva gospodarstva, poduzetni\u0161tva i obrta LoRe \u2013 uvo\u0111enja elektroni\u010dkog ra\u010duna u poslovanje tijela lokalne i podru\u010dne samouprave - Grad Opuzen","isPartOf":{"@id":"https:\/\/www.opuzen.hr\/grad\/#website"},"primaryImageOfPage":{"@id":"https:\/\/www.opuzen.hr\/grad\/cef-telekom-projekt-ministarstva-gospodarstva-poduzetnistva-i-obrta-lore-uvodenja-elektronickog-racuna-u-poslovanje-tijela-lokalne-i-podrucne-samouprave\/#primaryimage"},"image":{"@id":"https:\/\/www.opuzen.hr\/grad\/cef-telekom-projekt-ministarstva-gospodarstva-poduzetnistva-i-obrta-lore-uvodenja-elektronickog-racuna-u-poslovanje-tijela-lokalne-i-podrucne-samouprave\/#primaryimage"},"thumbnailUrl":"https:\/\/www.opuzen.hr\/grad\/wp-content\/uploads\/2019\/09\/CEF_lore201.jpg","datePublished":"2019-11-18T07:54:46+00:00","dateModified":"2023-10-12T11:28:34+00:00","breadcrumb":{"@id":"https:\/\/www.opuzen.hr\/grad\/cef-telekom-projekt-ministarstva-gospodarstva-poduzetnistva-i-obrta-lore-uvodenja-elektronickog-racuna-u-poslovanje-tijela-lokalne-i-podrucne-samouprave\/#breadcrumb"},"inLanguage":"hr","potentialAction":[{"@type":"ReadAction","target":["https:\/\/www.opuzen.hr\/grad\/cef-telekom-projekt-ministarstva-gospodarstva-poduzetnistva-i-obrta-lore-uvodenja-elektronickog-racuna-u-poslovanje-tijela-lokalne-i-podrucne-samouprave\/"]}]},{"@type":"ImageObject","inLanguage":"hr","@id":"https:\/\/www.opuzen.hr\/grad\/cef-telekom-projekt-ministarstva-gospodarstva-poduzetnistva-i-obrta-lore-uvodenja-elektronickog-racuna-u-poslovanje-tijela-lokalne-i-podrucne-samouprave\/#primaryimage","url":"https:\/\/www.opuzen.hr\/grad\/wp-content\/uploads\/2019\/09\/CEF_lore201.jpg","contentUrl":"https:\/\/www.opuzen.hr\/grad\/wp-content\/uploads\/2019\/09\/CEF_lore201.jpg","width":750,"height":500},{"@type":"BreadcrumbList","@id":"https:\/\/www.opuzen.hr\/grad\/cef-telekom-projekt-ministarstva-gospodarstva-poduzetnistva-i-obrta-lore-uvodenja-elektronickog-racuna-u-poslovanje-tijela-lokalne-i-podrucne-samouprave\/#breadcrumb","itemListElement":[{"@type":"ListItem","position":1,"name":"Po\u010detna stranica","item":"https:\/\/www.opuzen.hr\/grad\/"},{"@type":"ListItem","position":2,"name":"CEF TELEKOM PROJEKT Ministarstva gospodarstva, poduzetni\u0161tva i obrta LoRe \u2013 uvo\u0111enja elektroni\u010dkog ra\u010duna u poslovanje tijela lokalne i podru\u010dne samouprave"}]},{"@type":"WebSite","@id":"https:\/\/www.opuzen.hr\/grad\/#website","url":"https:\/\/www.opuzen.hr\/grad\/","name":"Grad Opuzen","description":"Slu\u017ebene mre\u017ene stranice Grada Opuzena","publisher":{"@id":"https:\/\/www.opuzen.hr\/grad\/#organization"},"potentialAction":[{"@type":"SearchAction","target":{"@type":"EntryPoint","urlTemplate":"https:\/\/www.opuzen.hr\/grad\/?s={search_term_string}"},"query-input":"required name=search_term_string"}],"inLanguage":"hr"},{"@type":"Organization","@id":"https:\/\/www.opuzen.hr\/grad\/#organization","name":"Grad Opuzen","url":"https:\/\/www.opuzen.hr\/grad\/","logo":{"@type":"ImageObject","inLanguage":"hr","@id":"https:\/\/www.opuzen.hr\/grad\/#\/schema\/logo\/image\/","url":"https:\/\/www.opuzen.hr\/grad\/wp-content\/uploads\/2018\/02\/logo-opuzen.jpg","contentUrl":"https:\/\/www.opuzen.hr\/grad\/wp-content\/uploads\/2018\/02\/logo-opuzen.jpg","width":400,"height":400,"caption":"Grad Opuzen"},"image":{"@id":"https:\/\/www.opuzen.hr\/grad\/#\/schema\/logo\/image\/"}},{"@type":"Person","@id":"https:\/\/www.opuzen.hr\/grad\/#\/schema\/person\/0a17a9796898e9409a1fa4ca7448a481","name":"Grad Opuzen","image":{"@type":"ImageObject","inLanguage":"hr","@id":"https:\/\/www.opuzen.hr\/grad\/#\/schema\/person\/image\/","url":"https:\/\/secure.gravatar.com\/avatar\/0c54089de4fcf14c0fe3355109a3ac05?s=96&d=mm&r=g","contentUrl":"https:\/\/secure.gravatar.com\/avatar\/0c54089de4fcf14c0fe3355109a3ac05?s=96&d=mm&r=g","caption":"Grad Opuzen"},"url":"https:\/\/www.opuzen.hr\/grad\/author\/admin\/"}]}},"_links":{"self":[{"href":"https:\/\/www.opuzen.hr\/grad\/wp-json\/wp\/v2\/posts\/6342"}],"collection":[{"href":"https:\/\/www.opuzen.hr\/grad\/wp-json\/wp\/v2\/posts"}],"about":[{"href":"https:\/\/www.opuzen.hr\/grad\/wp-json\/wp\/v2\/types\/post"}],"author":[{"embeddable":true,"href":"https:\/\/www.opuzen.hr\/grad\/wp-json\/wp\/v2\/users\/3"}],"replies":[{"embeddable":true,"href":"https:\/\/www.opuzen.hr\/grad\/wp-json\/wp\/v2\/comments?post=6342"}],"version-history":[{"count":2,"href":"https:\/\/www.opuzen.hr\/grad\/wp-json\/wp\/v2\/posts\/6342\/revisions"}],"predecessor-version":[{"id":6348,"href":"https:\/\/www.opuzen.hr\/grad\/wp-json\/wp\/v2\/posts\/6342\/revisions\/6348"}],"wp:featuredmedia":[{"embeddable":true,"href":"https:\/\/www.opuzen.hr\/grad\/wp-json\/wp\/v2\/media\/6346"}],"wp:attachment":[{"href":"https:\/\/www.opuzen.hr\/grad\/wp-json\/wp\/v2\/media?parent=6342"}],"wp:term":[{"taxonomy":"category","embeddable":true,"href":"https:\/\/www.opuzen.hr\/grad\/wp-json\/wp\/v2\/categories?post=6342"},{"taxonomy":"post_tag","embeddable":true,"href":"https:\/\/www.opuzen.hr\/grad\/wp-json\/wp\/v2\/tags?post=6342"}],"curies":[{"name":"wp","href":"https:\/\/api.w.org\/{rel}","templated":true}]}}