{"id":638,"date":"2018-04-16T09:37:58","date_gmt":"2018-04-16T07:37:58","guid":{"rendered":"https:\/\/www.opuzen.hr\/grad\/?p=638"},"modified":"2023-10-12T13:31:19","modified_gmt":"2023-10-12T11:31:19","slug":"grad-opuzen-u-sklopu-projekta-europe-goes-local","status":"publish","type":"post","link":"https:\/\/www.opuzen.hr\/grad\/grad-opuzen-u-sklopu-projekta-europe-goes-local\/","title":{"rendered":"Grad Opuzen u sklopu projekta &#8220;Europe goes local&#8221;"},"content":{"rendered":"<p>Grad Opuzen je dio projekta \u201eEurope Goes Local\u201c \u2013 Potpora radu s mladima na lokalnoj razini Europe Goes Local &#8211;\u00a0 Supporting Youth Work at the Municipal Level.\u00a0Europe Goes Local (EGL) trenutno je jedan od najve\u0107ih europskih projekata u podru\u010dju rada s mladima (eng. youth work)\u00a0 kojim se \u017eeli pru\u017eiti podr\u0161ka radu s mladima na lokalnoj razini. U projektu sudjeluje 26 nacionalnih agencija za program Erasmus+ te drugi dionici u sektoru mladih, radi se o trogodi\u0161njem strate\u0161kom partnerstvu u trajanju od lipnja 2016. do svibnja 2019. godine.<!--more--><\/p>\n<p>U 1. fazi \u00a0projekta glavna aktivnost bila je mapiranje rada s mladima na lokalnoj razini u Europi.<\/p>\n<p>150 sudionika iz 22 zemlje raspravljalo je na pet tema: razvoj pobolj\u0161ana kvalitete rada s mladima u pogledu politike i prakse, iskorak prema marginaliziranim skupinama, integriranje europskih projekata u svakodnevnom radu s mladima, upravljanje u radu s mladima na lokalnoj razini, pronala\u017eenje adekvatnih i konstruktivnih uloga i pozicija u me\u0111usektorskoj suradnju.<\/p>\n<p>U 2. fazi projekta Nacionalna delegacija detaljno razra\u0111uje nacionalne aktivnosti koje \u0107e se provoditi od listopada 2017. godine do travnja 2018. godine. Paralelno se na europskoj razini radi na dubinskoj analizi gore navedenih tema.<\/p>\n<p>U 3. i zavr\u0161noj fazi projekta (srpanj 2018. \u2013 svibanj 2019.) izradit \u0107e se Europska povelja o lokalnom radu s mladima. Ona \u0107e predstavljati referentni okvir za svakodnevni rad s mladima te \u0107e biti poveznica izme\u0111u politike i prakse rada s mladima.<\/p>\n<p>Hrvatsku nacionalnu delegaciju \u010dine Agencija za mobilnost i programe EU (koordinator aktivnosti), Marko Kova\u010di\u0107 (Institut za dru\u0161tvena istra\u017eivanja), Matej Mati\u0107 (Mladi u EU), Maja Ur\u0161i\u0107 Staraj (Udruga Delta) i Zorica Vi\u0161kovi\u0107 (Udruga ZUM).<\/p>\n<p>Protekli se tjedan u Petr\u010danima odr\u017eao nacionalni trening za jedinice lokalne samouprave s ciljem pru\u017eanja potpore, dijeljenja znanja i iskustva u razvoju politike za mlade na lokalnoj razini.<\/p>\n<p>U Hrvatskoj se u ovaj projekt uklju\u010dilo ukupno 11 gradova i op\u0107ina koji su odlu\u010dili na valu velikog europskog projekta pokrenuti svoje lokalne zajednice i u\u010diniti ne\u0161to za bolji polo\u017eaj mladih u dru\u0161tvu. Tako su na treningu sudjelovali predstavnici Grada Vara\u017edina, Grada Velike Gorice, Op\u0107ine Pregrada, Op\u0107ine Tisno, Grada Opuzena, Op\u0107ine Velika Kopanica, Grada Rovinja, Grada Siska, Grada Rijeke, Op\u0107ine Lovran i Grada \u0110akova.<\/p>\n<p>Sve novosti o aktivnostima projekta na europskoj razini mogu se pratiti na slu\u017ebenoj stranici projekta Europe Goes Local.<\/p>\n<p>Web stranica projekta: <a href=\"https:\/\/www.europegoeslocal.eu\/\">https:\/\/www.europegoeslocal.eu\/<\/a>.<\/p>\n<p>FB stranica projekta: <a href=\"https:\/\/www.facebook.com\/europegoeslocal\">https:\/\/www.facebook.com\/europegoeslocal<\/a>.<\/p>\n","protected":false},"excerpt":{"rendered":"<p>Grad Opuzen je dio projekta \u201eEurope Goes Local\u201c \u2013 Potpora radu s mladima na lokalnoj&#8230;<\/p>\n","protected":false},"author":3,"featured_media":639,"comment_status":"closed","ping_status":"closed","sticky":false,"template":"","format":"standard","meta":{"footnotes":""},"categories":[22,4],"tags":[78,54,79],"class_list":["post-638","post","type-post","status-publish","format-standard","has-post-thumbnail","hentry","category-eu","category-novosti","tag-europe-goes-local","tag-grad-opuzen","tag-projekti","wpcat-22-id","wpcat-4-id"],"yoast_head":"<!-- This site is optimized with the Yoast SEO plugin v23.1 - https:\/\/yoast.com\/wordpress\/plugins\/seo\/ -->\n<title>Grad Opuzen u sklopu projekta &quot;Europe goes local&quot; - Grad Opuzen<\/title>\n<meta name=\"robots\" content=\"index, follow, max-snippet:-1, max-image-preview:large, max-video-preview:-1\" \/>\n<link rel=\"canonical\" href=\"https:\/\/www.opuzen.hr\/grad\/grad-opuzen-u-sklopu-projekta-europe-goes-local\/\" \/>\n<meta property=\"og:locale\" content=\"hr_HR\" \/>\n<meta property=\"og:type\" content=\"article\" \/>\n<meta property=\"og:title\" content=\"Grad Opuzen u sklopu projekta &quot;Europe goes local&quot; - Grad Opuzen\" \/>\n<meta property=\"og:description\" content=\"Grad Opuzen je dio projekta \u201eEurope Goes Local\u201c \u2013 Potpora radu s mladima na lokalnoj...\" \/>\n<meta property=\"og:url\" content=\"https:\/\/www.opuzen.hr\/grad\/grad-opuzen-u-sklopu-projekta-europe-goes-local\/\" \/>\n<meta property=\"og:site_name\" content=\"Grad Opuzen\" \/>\n<meta property=\"article:published_time\" content=\"2018-04-16T07:37:58+00:00\" \/>\n<meta property=\"article:modified_time\" content=\"2023-10-12T11:31:19+00:00\" \/>\n<meta property=\"og:image\" content=\"https:\/\/www.opuzen.hr\/grad\/wp-content\/uploads\/2018\/04\/wordcloud_charter2jpg.jpg\" \/>\n\t<meta property=\"og:image:width\" content=\"1024\" \/>\n\t<meta property=\"og:image:height\" content=\"768\" \/>\n\t<meta property=\"og:image:type\" content=\"image\/jpeg\" \/>\n<meta name=\"author\" content=\"Grad Opuzen\" \/>\n<meta name=\"twitter:card\" content=\"summary_large_image\" \/>\n<meta name=\"twitter:label1\" content=\"Napisao\/la\" \/>\n\t<meta name=\"twitter:data1\" content=\"Grad Opuzen\" \/>\n\t<meta name=\"twitter:label2\" content=\"Procijenjeno vrijeme \u010ditanja\" \/>\n\t<meta name=\"twitter:data2\" content=\"2 minute\" \/>\n<script type=\"application\/ld+json\" class=\"yoast-schema-graph\">{\"@context\":\"https:\/\/schema.org\",\"@graph\":[{\"@type\":\"Article\",\"@id\":\"https:\/\/www.opuzen.hr\/grad\/grad-opuzen-u-sklopu-projekta-europe-goes-local\/#article\",\"isPartOf\":{\"@id\":\"https:\/\/www.opuzen.hr\/grad\/grad-opuzen-u-sklopu-projekta-europe-goes-local\/\"},\"author\":{\"name\":\"Grad Opuzen\",\"@id\":\"https:\/\/www.opuzen.hr\/grad\/#\/schema\/person\/0a17a9796898e9409a1fa4ca7448a481\"},\"headline\":\"Grad Opuzen u sklopu projekta &#8220;Europe goes local&#8221;\",\"datePublished\":\"2018-04-16T07:37:58+00:00\",\"dateModified\":\"2023-10-12T11:31:19+00:00\",\"mainEntityOfPage\":{\"@id\":\"https:\/\/www.opuzen.hr\/grad\/grad-opuzen-u-sklopu-projekta-europe-goes-local\/\"},\"wordCount\":415,\"publisher\":{\"@id\":\"https:\/\/www.opuzen.hr\/grad\/#organization\"},\"image\":{\"@id\":\"https:\/\/www.opuzen.hr\/grad\/grad-opuzen-u-sklopu-projekta-europe-goes-local\/#primaryimage\"},\"thumbnailUrl\":\"https:\/\/www.opuzen.hr\/grad\/wp-content\/uploads\/2018\/04\/wordcloud_charter2jpg.jpg\",\"keywords\":[\"Europe goes local\",\"Grad Opuzen\",\"Projekti\"],\"articleSection\":[\"EU\",\"Novosti\"],\"inLanguage\":\"hr\"},{\"@type\":\"WebPage\",\"@id\":\"https:\/\/www.opuzen.hr\/grad\/grad-opuzen-u-sklopu-projekta-europe-goes-local\/\",\"url\":\"https:\/\/www.opuzen.hr\/grad\/grad-opuzen-u-sklopu-projekta-europe-goes-local\/\",\"name\":\"Grad Opuzen u sklopu projekta \\\"Europe goes local\\\" - Grad Opuzen\",\"isPartOf\":{\"@id\":\"https:\/\/www.opuzen.hr\/grad\/#website\"},\"primaryImageOfPage\":{\"@id\":\"https:\/\/www.opuzen.hr\/grad\/grad-opuzen-u-sklopu-projekta-europe-goes-local\/#primaryimage\"},\"image\":{\"@id\":\"https:\/\/www.opuzen.hr\/grad\/grad-opuzen-u-sklopu-projekta-europe-goes-local\/#primaryimage\"},\"thumbnailUrl\":\"https:\/\/www.opuzen.hr\/grad\/wp-content\/uploads\/2018\/04\/wordcloud_charter2jpg.jpg\",\"datePublished\":\"2018-04-16T07:37:58+00:00\",\"dateModified\":\"2023-10-12T11:31:19+00:00\",\"breadcrumb\":{\"@id\":\"https:\/\/www.opuzen.hr\/grad\/grad-opuzen-u-sklopu-projekta-europe-goes-local\/#breadcrumb\"},\"inLanguage\":\"hr\",\"potentialAction\":[{\"@type\":\"ReadAction\",\"target\":[\"https:\/\/www.opuzen.hr\/grad\/grad-opuzen-u-sklopu-projekta-europe-goes-local\/\"]}]},{\"@type\":\"ImageObject\",\"inLanguage\":\"hr\",\"@id\":\"https:\/\/www.opuzen.hr\/grad\/grad-opuzen-u-sklopu-projekta-europe-goes-local\/#primaryimage\",\"url\":\"https:\/\/www.opuzen.hr\/grad\/wp-content\/uploads\/2018\/04\/wordcloud_charter2jpg.jpg\",\"contentUrl\":\"https:\/\/www.opuzen.hr\/grad\/wp-content\/uploads\/2018\/04\/wordcloud_charter2jpg.jpg\",\"width\":1024,\"height\":768},{\"@type\":\"BreadcrumbList\",\"@id\":\"https:\/\/www.opuzen.hr\/grad\/grad-opuzen-u-sklopu-projekta-europe-goes-local\/#breadcrumb\",\"itemListElement\":[{\"@type\":\"ListItem\",\"position\":1,\"name\":\"Po\u010detna stranica\",\"item\":\"https:\/\/www.opuzen.hr\/grad\/\"},{\"@type\":\"ListItem\",\"position\":2,\"name\":\"Grad Opuzen u sklopu projekta &#8220;Europe goes local&#8221;\"}]},{\"@type\":\"WebSite\",\"@id\":\"https:\/\/www.opuzen.hr\/grad\/#website\",\"url\":\"https:\/\/www.opuzen.hr\/grad\/\",\"name\":\"Grad Opuzen\",\"description\":\"Slu\u017ebene mre\u017ene stranice Grada Opuzena\",\"publisher\":{\"@id\":\"https:\/\/www.opuzen.hr\/grad\/#organization\"},\"potentialAction\":[{\"@type\":\"SearchAction\",\"target\":{\"@type\":\"EntryPoint\",\"urlTemplate\":\"https:\/\/www.opuzen.hr\/grad\/?s={search_term_string}\"},\"query-input\":\"required name=search_term_string\"}],\"inLanguage\":\"hr\"},{\"@type\":\"Organization\",\"@id\":\"https:\/\/www.opuzen.hr\/grad\/#organization\",\"name\":\"Grad Opuzen\",\"url\":\"https:\/\/www.opuzen.hr\/grad\/\",\"logo\":{\"@type\":\"ImageObject\",\"inLanguage\":\"hr\",\"@id\":\"https:\/\/www.opuzen.hr\/grad\/#\/schema\/logo\/image\/\",\"url\":\"https:\/\/www.opuzen.hr\/grad\/wp-content\/uploads\/2018\/02\/logo-opuzen.jpg\",\"contentUrl\":\"https:\/\/www.opuzen.hr\/grad\/wp-content\/uploads\/2018\/02\/logo-opuzen.jpg\",\"width\":400,\"height\":400,\"caption\":\"Grad Opuzen\"},\"image\":{\"@id\":\"https:\/\/www.opuzen.hr\/grad\/#\/schema\/logo\/image\/\"}},{\"@type\":\"Person\",\"@id\":\"https:\/\/www.opuzen.hr\/grad\/#\/schema\/person\/0a17a9796898e9409a1fa4ca7448a481\",\"name\":\"Grad Opuzen\",\"image\":{\"@type\":\"ImageObject\",\"inLanguage\":\"hr\",\"@id\":\"https:\/\/www.opuzen.hr\/grad\/#\/schema\/person\/image\/\",\"url\":\"https:\/\/secure.gravatar.com\/avatar\/0c54089de4fcf14c0fe3355109a3ac05?s=96&d=mm&r=g\",\"contentUrl\":\"https:\/\/secure.gravatar.com\/avatar\/0c54089de4fcf14c0fe3355109a3ac05?s=96&d=mm&r=g\",\"caption\":\"Grad Opuzen\"},\"url\":\"https:\/\/www.opuzen.hr\/grad\/author\/admin\/\"}]}<\/script>\n<!-- \/ Yoast SEO plugin. -->","yoast_head_json":{"title":"Grad Opuzen u sklopu projekta \"Europe goes local\" - Grad Opuzen","robots":{"index":"index","follow":"follow","max-snippet":"max-snippet:-1","max-image-preview":"max-image-preview:large","max-video-preview":"max-video-preview:-1"},"canonical":"https:\/\/www.opuzen.hr\/grad\/grad-opuzen-u-sklopu-projekta-europe-goes-local\/","og_locale":"hr_HR","og_type":"article","og_title":"Grad Opuzen u sklopu projekta \"Europe goes local\" - Grad Opuzen","og_description":"Grad Opuzen je dio projekta \u201eEurope Goes Local\u201c \u2013 Potpora radu s mladima na lokalnoj...","og_url":"https:\/\/www.opuzen.hr\/grad\/grad-opuzen-u-sklopu-projekta-europe-goes-local\/","og_site_name":"Grad Opuzen","article_published_time":"2018-04-16T07:37:58+00:00","article_modified_time":"2023-10-12T11:31:19+00:00","og_image":[{"width":1024,"height":768,"url":"https:\/\/www.opuzen.hr\/grad\/wp-content\/uploads\/2018\/04\/wordcloud_charter2jpg.jpg","type":"image\/jpeg"}],"author":"Grad Opuzen","twitter_card":"summary_large_image","twitter_misc":{"Napisao\/la":"Grad Opuzen","Procijenjeno vrijeme \u010ditanja":"2 minute"},"schema":{"@context":"https:\/\/schema.org","@graph":[{"@type":"Article","@id":"https:\/\/www.opuzen.hr\/grad\/grad-opuzen-u-sklopu-projekta-europe-goes-local\/#article","isPartOf":{"@id":"https:\/\/www.opuzen.hr\/grad\/grad-opuzen-u-sklopu-projekta-europe-goes-local\/"},"author":{"name":"Grad Opuzen","@id":"https:\/\/www.opuzen.hr\/grad\/#\/schema\/person\/0a17a9796898e9409a1fa4ca7448a481"},"headline":"Grad Opuzen u sklopu projekta &#8220;Europe goes local&#8221;","datePublished":"2018-04-16T07:37:58+00:00","dateModified":"2023-10-12T11:31:19+00:00","mainEntityOfPage":{"@id":"https:\/\/www.opuzen.hr\/grad\/grad-opuzen-u-sklopu-projekta-europe-goes-local\/"},"wordCount":415,"publisher":{"@id":"https:\/\/www.opuzen.hr\/grad\/#organization"},"image":{"@id":"https:\/\/www.opuzen.hr\/grad\/grad-opuzen-u-sklopu-projekta-europe-goes-local\/#primaryimage"},"thumbnailUrl":"https:\/\/www.opuzen.hr\/grad\/wp-content\/uploads\/2018\/04\/wordcloud_charter2jpg.jpg","keywords":["Europe goes local","Grad Opuzen","Projekti"],"articleSection":["EU","Novosti"],"inLanguage":"hr"},{"@type":"WebPage","@id":"https:\/\/www.opuzen.hr\/grad\/grad-opuzen-u-sklopu-projekta-europe-goes-local\/","url":"https:\/\/www.opuzen.hr\/grad\/grad-opuzen-u-sklopu-projekta-europe-goes-local\/","name":"Grad Opuzen u sklopu projekta \"Europe goes local\" - Grad Opuzen","isPartOf":{"@id":"https:\/\/www.opuzen.hr\/grad\/#website"},"primaryImageOfPage":{"@id":"https:\/\/www.opuzen.hr\/grad\/grad-opuzen-u-sklopu-projekta-europe-goes-local\/#primaryimage"},"image":{"@id":"https:\/\/www.opuzen.hr\/grad\/grad-opuzen-u-sklopu-projekta-europe-goes-local\/#primaryimage"},"thumbnailUrl":"https:\/\/www.opuzen.hr\/grad\/wp-content\/uploads\/2018\/04\/wordcloud_charter2jpg.jpg","datePublished":"2018-04-16T07:37:58+00:00","dateModified":"2023-10-12T11:31:19+00:00","breadcrumb":{"@id":"https:\/\/www.opuzen.hr\/grad\/grad-opuzen-u-sklopu-projekta-europe-goes-local\/#breadcrumb"},"inLanguage":"hr","potentialAction":[{"@type":"ReadAction","target":["https:\/\/www.opuzen.hr\/grad\/grad-opuzen-u-sklopu-projekta-europe-goes-local\/"]}]},{"@type":"ImageObject","inLanguage":"hr","@id":"https:\/\/www.opuzen.hr\/grad\/grad-opuzen-u-sklopu-projekta-europe-goes-local\/#primaryimage","url":"https:\/\/www.opuzen.hr\/grad\/wp-content\/uploads\/2018\/04\/wordcloud_charter2jpg.jpg","contentUrl":"https:\/\/www.opuzen.hr\/grad\/wp-content\/uploads\/2018\/04\/wordcloud_charter2jpg.jpg","width":1024,"height":768},{"@type":"BreadcrumbList","@id":"https:\/\/www.opuzen.hr\/grad\/grad-opuzen-u-sklopu-projekta-europe-goes-local\/#breadcrumb","itemListElement":[{"@type":"ListItem","position":1,"name":"Po\u010detna stranica","item":"https:\/\/www.opuzen.hr\/grad\/"},{"@type":"ListItem","position":2,"name":"Grad Opuzen u sklopu projekta &#8220;Europe goes local&#8221;"}]},{"@type":"WebSite","@id":"https:\/\/www.opuzen.hr\/grad\/#website","url":"https:\/\/www.opuzen.hr\/grad\/","name":"Grad Opuzen","description":"Slu\u017ebene mre\u017ene stranice Grada Opuzena","publisher":{"@id":"https:\/\/www.opuzen.hr\/grad\/#organization"},"potentialAction":[{"@type":"SearchAction","target":{"@type":"EntryPoint","urlTemplate":"https:\/\/www.opuzen.hr\/grad\/?s={search_term_string}"},"query-input":"required name=search_term_string"}],"inLanguage":"hr"},{"@type":"Organization","@id":"https:\/\/www.opuzen.hr\/grad\/#organization","name":"Grad Opuzen","url":"https:\/\/www.opuzen.hr\/grad\/","logo":{"@type":"ImageObject","inLanguage":"hr","@id":"https:\/\/www.opuzen.hr\/grad\/#\/schema\/logo\/image\/","url":"https:\/\/www.opuzen.hr\/grad\/wp-content\/uploads\/2018\/02\/logo-opuzen.jpg","contentUrl":"https:\/\/www.opuzen.hr\/grad\/wp-content\/uploads\/2018\/02\/logo-opuzen.jpg","width":400,"height":400,"caption":"Grad Opuzen"},"image":{"@id":"https:\/\/www.opuzen.hr\/grad\/#\/schema\/logo\/image\/"}},{"@type":"Person","@id":"https:\/\/www.opuzen.hr\/grad\/#\/schema\/person\/0a17a9796898e9409a1fa4ca7448a481","name":"Grad Opuzen","image":{"@type":"ImageObject","inLanguage":"hr","@id":"https:\/\/www.opuzen.hr\/grad\/#\/schema\/person\/image\/","url":"https:\/\/secure.gravatar.com\/avatar\/0c54089de4fcf14c0fe3355109a3ac05?s=96&d=mm&r=g","contentUrl":"https:\/\/secure.gravatar.com\/avatar\/0c54089de4fcf14c0fe3355109a3ac05?s=96&d=mm&r=g","caption":"Grad Opuzen"},"url":"https:\/\/www.opuzen.hr\/grad\/author\/admin\/"}]}},"_links":{"self":[{"href":"https:\/\/www.opuzen.hr\/grad\/wp-json\/wp\/v2\/posts\/638"}],"collection":[{"href":"https:\/\/www.opuzen.hr\/grad\/wp-json\/wp\/v2\/posts"}],"about":[{"href":"https:\/\/www.opuzen.hr\/grad\/wp-json\/wp\/v2\/types\/post"}],"author":[{"embeddable":true,"href":"https:\/\/www.opuzen.hr\/grad\/wp-json\/wp\/v2\/users\/3"}],"replies":[{"embeddable":true,"href":"https:\/\/www.opuzen.hr\/grad\/wp-json\/wp\/v2\/comments?post=638"}],"version-history":[{"count":1,"href":"https:\/\/www.opuzen.hr\/grad\/wp-json\/wp\/v2\/posts\/638\/revisions"}],"predecessor-version":[{"id":640,"href":"https:\/\/www.opuzen.hr\/grad\/wp-json\/wp\/v2\/posts\/638\/revisions\/640"}],"wp:featuredmedia":[{"embeddable":true,"href":"https:\/\/www.opuzen.hr\/grad\/wp-json\/wp\/v2\/media\/639"}],"wp:attachment":[{"href":"https:\/\/www.opuzen.hr\/grad\/wp-json\/wp\/v2\/media?parent=638"}],"wp:term":[{"taxonomy":"category","embeddable":true,"href":"https:\/\/www.opuzen.hr\/grad\/wp-json\/wp\/v2\/categories?post=638"},{"taxonomy":"post_tag","embeddable":true,"href":"https:\/\/www.opuzen.hr\/grad\/wp-json\/wp\/v2\/tags?post=638"}],"curies":[{"name":"wp","href":"https:\/\/api.w.org\/{rel}","templated":true}]}}