{"id":6437,"date":"2019-12-01T11:02:35","date_gmt":"2019-12-01T10:02:35","guid":{"rendered":"https:\/\/www.opuzen.hr\/grad\/?p=6437"},"modified":"2023-10-12T13:28:34","modified_gmt":"2023-10-12T11:28:34","slug":"danas-se-pali-prva-adventska-svijeca-na-pjaci","status":"publish","type":"post","link":"https:\/\/www.opuzen.hr\/grad\/danas-se-pali-prva-adventska-svijeca-na-pjaci\/","title":{"rendered":"Danas se pali prva adventska svije\u0107a na Pjaci"},"content":{"rendered":"<p>Na Pjaci postavljen je adventski vijenac, te \u0107e se ve\u010deras paliti prva adventska svije\u0107a.<\/p>\n<p>Prva adventska svije\u0107a bit \u0107e upaljena ve\u010deras na Pjaci u 19:00 sati. Tom prilikom \u0107e na\u0161 \u017eupnik don Ante Antunovi\u0107 podijeliti blagoslov da nam Advent pro\u0111e u miru, ljubavi i veselju.<\/p>\n<p>Nastupit \u0107e Dje\u010dji \u017eupni zbor s voditeljicom Ivanom Bjeli\u0161.<\/p>\n<div id='gallery-1' class='gallery galleryid-6437 gallery-columns-3 gallery-size-thumbnail'><figure class='gallery-item'>\n\t\t\t<div class='gallery-icon portrait'>\n\t\t\t\t<a href='https:\/\/www.opuzen.hr\/grad\/danas-se-pali-prva-adventska-svijeca-na-pjaci\/img-20191201-wa0002\/'><img decoding=\"async\" width=\"150\" height=\"150\" src=\"https:\/\/www.opuzen.hr\/grad\/wp-content\/uploads\/2019\/12\/IMG-20191201-WA0002-150x150.jpg\" class=\"attachment-thumbnail size-thumbnail\" alt=\"\" \/><\/a>\n\t\t\t<\/div><\/figure><figure class='gallery-item'>\n\t\t\t<div class='gallery-icon portrait'>\n\t\t\t\t<a href='https:\/\/www.opuzen.hr\/grad\/danas-se-pali-prva-adventska-svijeca-na-pjaci\/img-20191201-wa0001-3\/'><img decoding=\"async\" width=\"150\" height=\"150\" src=\"https:\/\/www.opuzen.hr\/grad\/wp-content\/uploads\/2019\/12\/IMG-20191201-WA0001-2-150x150.jpg\" class=\"attachment-thumbnail size-thumbnail\" alt=\"\" \/><\/a>\n\t\t\t<\/div><\/figure><figure class='gallery-item'>\n\t\t\t<div class='gallery-icon portrait'>\n\t\t\t\t<a href='https:\/\/www.opuzen.hr\/grad\/danas-se-pali-prva-adventska-svijeca-na-pjaci\/img-20191201-wa0004\/'><img decoding=\"async\" width=\"150\" height=\"150\" src=\"https:\/\/www.opuzen.hr\/grad\/wp-content\/uploads\/2019\/12\/IMG-20191201-WA0004-150x150.jpg\" class=\"attachment-thumbnail size-thumbnail\" alt=\"\" \/><\/a>\n\t\t\t<\/div><\/figure><figure class='gallery-item'>\n\t\t\t<div class='gallery-icon portrait'>\n\t\t\t\t<a href='https:\/\/www.opuzen.hr\/grad\/danas-se-pali-prva-adventska-svijeca-na-pjaci\/img-20191201-wa0003\/'><img loading=\"lazy\" decoding=\"async\" width=\"150\" height=\"150\" src=\"https:\/\/www.opuzen.hr\/grad\/wp-content\/uploads\/2019\/12\/IMG-20191201-WA0003-150x150.jpg\" class=\"attachment-thumbnail size-thumbnail\" alt=\"\" \/><\/a>\n\t\t\t<\/div><\/figure>\n\t\t<\/div>\n\n","protected":false},"excerpt":{"rendered":"<p>Na Pjaci postavljen je adventski vijenac, te \u0107e se ve\u010deras paliti prva adventska svije\u0107a. Prva&#8230;<\/p>\n","protected":false},"author":3,"featured_media":6441,"comment_status":"closed","ping_status":"closed","sticky":false,"template":"","format":"standard","meta":{"footnotes":""},"categories":[4,3],"tags":[294,296,345],"class_list":["post-6437","post","type-post","status-publish","format-standard","has-post-thumbnail","hentry","category-novosti","category-obavijesti-gradanima","tag-advent","tag-advent-u-opuzenu","tag-adventska-svijeca","wpcat-4-id","wpcat-3-id"],"yoast_head":"<!-- This site is optimized with the Yoast SEO plugin v23.1 - https:\/\/yoast.com\/wordpress\/plugins\/seo\/ -->\n<title>Danas se pali prva adventska svije\u0107a na Pjaci - Grad Opuzen<\/title>\n<meta name=\"robots\" content=\"index, follow, max-snippet:-1, max-image-preview:large, max-video-preview:-1\" \/>\n<link rel=\"canonical\" href=\"https:\/\/www.opuzen.hr\/grad\/danas-se-pali-prva-adventska-svijeca-na-pjaci\/\" \/>\n<meta property=\"og:locale\" content=\"hr_HR\" \/>\n<meta property=\"og:type\" content=\"article\" \/>\n<meta property=\"og:title\" content=\"Danas se pali prva adventska svije\u0107a na Pjaci - Grad Opuzen\" \/>\n<meta property=\"og:description\" content=\"Na Pjaci postavljen je adventski vijenac, te \u0107e se ve\u010deras paliti prva adventska svije\u0107a. Prva...\" \/>\n<meta property=\"og:url\" content=\"https:\/\/www.opuzen.hr\/grad\/danas-se-pali-prva-adventska-svijeca-na-pjaci\/\" \/>\n<meta property=\"og:site_name\" content=\"Grad Opuzen\" \/>\n<meta property=\"article:published_time\" content=\"2019-12-01T10:02:35+00:00\" \/>\n<meta property=\"article:modified_time\" content=\"2023-10-12T11:28:34+00:00\" \/>\n<meta property=\"og:image\" content=\"https:\/\/www.opuzen.hr\/grad\/wp-content\/uploads\/2019\/12\/IMG-20191201-WA0004.jpg\" \/>\n\t<meta property=\"og:image:width\" content=\"768\" \/>\n\t<meta property=\"og:image:height\" content=\"1024\" \/>\n\t<meta property=\"og:image:type\" content=\"image\/jpeg\" \/>\n<meta name=\"author\" content=\"Grad Opuzen\" \/>\n<meta name=\"twitter:card\" content=\"summary_large_image\" \/>\n<meta name=\"twitter:label1\" content=\"Napisao\/la\" \/>\n\t<meta name=\"twitter:data1\" content=\"Grad Opuzen\" \/>\n<script type=\"application\/ld+json\" class=\"yoast-schema-graph\">{\"@context\":\"https:\/\/schema.org\",\"@graph\":[{\"@type\":\"Article\",\"@id\":\"https:\/\/www.opuzen.hr\/grad\/danas-se-pali-prva-adventska-svijeca-na-pjaci\/#article\",\"isPartOf\":{\"@id\":\"https:\/\/www.opuzen.hr\/grad\/danas-se-pali-prva-adventska-svijeca-na-pjaci\/\"},\"author\":{\"name\":\"Grad Opuzen\",\"@id\":\"https:\/\/www.opuzen.hr\/grad\/#\/schema\/person\/0a17a9796898e9409a1fa4ca7448a481\"},\"headline\":\"Danas se pali prva adventska svije\u0107a na Pjaci\",\"datePublished\":\"2019-12-01T10:02:35+00:00\",\"dateModified\":\"2023-10-12T11:28:34+00:00\",\"mainEntityOfPage\":{\"@id\":\"https:\/\/www.opuzen.hr\/grad\/danas-se-pali-prva-adventska-svijeca-na-pjaci\/\"},\"wordCount\":70,\"publisher\":{\"@id\":\"https:\/\/www.opuzen.hr\/grad\/#organization\"},\"image\":{\"@id\":\"https:\/\/www.opuzen.hr\/grad\/danas-se-pali-prva-adventska-svijeca-na-pjaci\/#primaryimage\"},\"thumbnailUrl\":\"https:\/\/www.opuzen.hr\/grad\/wp-content\/uploads\/2019\/12\/IMG-20191201-WA0004.jpg\",\"keywords\":[\"Advent\",\"Advent u Opuzenu\",\"adventska svije\u0107a\"],\"articleSection\":[\"Novosti\",\"Obavijesti gra\u0111anima\"],\"inLanguage\":\"hr\"},{\"@type\":\"WebPage\",\"@id\":\"https:\/\/www.opuzen.hr\/grad\/danas-se-pali-prva-adventska-svijeca-na-pjaci\/\",\"url\":\"https:\/\/www.opuzen.hr\/grad\/danas-se-pali-prva-adventska-svijeca-na-pjaci\/\",\"name\":\"Danas se pali prva adventska svije\u0107a na Pjaci - Grad Opuzen\",\"isPartOf\":{\"@id\":\"https:\/\/www.opuzen.hr\/grad\/#website\"},\"primaryImageOfPage\":{\"@id\":\"https:\/\/www.opuzen.hr\/grad\/danas-se-pali-prva-adventska-svijeca-na-pjaci\/#primaryimage\"},\"image\":{\"@id\":\"https:\/\/www.opuzen.hr\/grad\/danas-se-pali-prva-adventska-svijeca-na-pjaci\/#primaryimage\"},\"thumbnailUrl\":\"https:\/\/www.opuzen.hr\/grad\/wp-content\/uploads\/2019\/12\/IMG-20191201-WA0004.jpg\",\"datePublished\":\"2019-12-01T10:02:35+00:00\",\"dateModified\":\"2023-10-12T11:28:34+00:00\",\"breadcrumb\":{\"@id\":\"https:\/\/www.opuzen.hr\/grad\/danas-se-pali-prva-adventska-svijeca-na-pjaci\/#breadcrumb\"},\"inLanguage\":\"hr\",\"potentialAction\":[{\"@type\":\"ReadAction\",\"target\":[\"https:\/\/www.opuzen.hr\/grad\/danas-se-pali-prva-adventska-svijeca-na-pjaci\/\"]}]},{\"@type\":\"ImageObject\",\"inLanguage\":\"hr\",\"@id\":\"https:\/\/www.opuzen.hr\/grad\/danas-se-pali-prva-adventska-svijeca-na-pjaci\/#primaryimage\",\"url\":\"https:\/\/www.opuzen.hr\/grad\/wp-content\/uploads\/2019\/12\/IMG-20191201-WA0004.jpg\",\"contentUrl\":\"https:\/\/www.opuzen.hr\/grad\/wp-content\/uploads\/2019\/12\/IMG-20191201-WA0004.jpg\",\"width\":768,\"height\":1024},{\"@type\":\"BreadcrumbList\",\"@id\":\"https:\/\/www.opuzen.hr\/grad\/danas-se-pali-prva-adventska-svijeca-na-pjaci\/#breadcrumb\",\"itemListElement\":[{\"@type\":\"ListItem\",\"position\":1,\"name\":\"Po\u010detna stranica\",\"item\":\"https:\/\/www.opuzen.hr\/grad\/\"},{\"@type\":\"ListItem\",\"position\":2,\"name\":\"Danas se pali prva adventska svije\u0107a na Pjaci\"}]},{\"@type\":\"WebSite\",\"@id\":\"https:\/\/www.opuzen.hr\/grad\/#website\",\"url\":\"https:\/\/www.opuzen.hr\/grad\/\",\"name\":\"Grad Opuzen\",\"description\":\"Slu\u017ebene mre\u017ene stranice Grada Opuzena\",\"publisher\":{\"@id\":\"https:\/\/www.opuzen.hr\/grad\/#organization\"},\"potentialAction\":[{\"@type\":\"SearchAction\",\"target\":{\"@type\":\"EntryPoint\",\"urlTemplate\":\"https:\/\/www.opuzen.hr\/grad\/?s={search_term_string}\"},\"query-input\":\"required name=search_term_string\"}],\"inLanguage\":\"hr\"},{\"@type\":\"Organization\",\"@id\":\"https:\/\/www.opuzen.hr\/grad\/#organization\",\"name\":\"Grad Opuzen\",\"url\":\"https:\/\/www.opuzen.hr\/grad\/\",\"logo\":{\"@type\":\"ImageObject\",\"inLanguage\":\"hr\",\"@id\":\"https:\/\/www.opuzen.hr\/grad\/#\/schema\/logo\/image\/\",\"url\":\"https:\/\/www.opuzen.hr\/grad\/wp-content\/uploads\/2018\/02\/logo-opuzen.jpg\",\"contentUrl\":\"https:\/\/www.opuzen.hr\/grad\/wp-content\/uploads\/2018\/02\/logo-opuzen.jpg\",\"width\":400,\"height\":400,\"caption\":\"Grad Opuzen\"},\"image\":{\"@id\":\"https:\/\/www.opuzen.hr\/grad\/#\/schema\/logo\/image\/\"}},{\"@type\":\"Person\",\"@id\":\"https:\/\/www.opuzen.hr\/grad\/#\/schema\/person\/0a17a9796898e9409a1fa4ca7448a481\",\"name\":\"Grad Opuzen\",\"image\":{\"@type\":\"ImageObject\",\"inLanguage\":\"hr\",\"@id\":\"https:\/\/www.opuzen.hr\/grad\/#\/schema\/person\/image\/\",\"url\":\"https:\/\/secure.gravatar.com\/avatar\/0c54089de4fcf14c0fe3355109a3ac05?s=96&d=mm&r=g\",\"contentUrl\":\"https:\/\/secure.gravatar.com\/avatar\/0c54089de4fcf14c0fe3355109a3ac05?s=96&d=mm&r=g\",\"caption\":\"Grad Opuzen\"},\"url\":\"https:\/\/www.opuzen.hr\/grad\/author\/admin\/\"}]}<\/script>\n<!-- \/ Yoast SEO plugin. -->","yoast_head_json":{"title":"Danas se pali prva adventska svije\u0107a na Pjaci - Grad Opuzen","robots":{"index":"index","follow":"follow","max-snippet":"max-snippet:-1","max-image-preview":"max-image-preview:large","max-video-preview":"max-video-preview:-1"},"canonical":"https:\/\/www.opuzen.hr\/grad\/danas-se-pali-prva-adventska-svijeca-na-pjaci\/","og_locale":"hr_HR","og_type":"article","og_title":"Danas se pali prva adventska svije\u0107a na Pjaci - Grad Opuzen","og_description":"Na Pjaci postavljen je adventski vijenac, te \u0107e se ve\u010deras paliti prva adventska svije\u0107a. Prva...","og_url":"https:\/\/www.opuzen.hr\/grad\/danas-se-pali-prva-adventska-svijeca-na-pjaci\/","og_site_name":"Grad Opuzen","article_published_time":"2019-12-01T10:02:35+00:00","article_modified_time":"2023-10-12T11:28:34+00:00","og_image":[{"width":768,"height":1024,"url":"https:\/\/www.opuzen.hr\/grad\/wp-content\/uploads\/2019\/12\/IMG-20191201-WA0004.jpg","type":"image\/jpeg"}],"author":"Grad Opuzen","twitter_card":"summary_large_image","twitter_misc":{"Napisao\/la":"Grad Opuzen"},"schema":{"@context":"https:\/\/schema.org","@graph":[{"@type":"Article","@id":"https:\/\/www.opuzen.hr\/grad\/danas-se-pali-prva-adventska-svijeca-na-pjaci\/#article","isPartOf":{"@id":"https:\/\/www.opuzen.hr\/grad\/danas-se-pali-prva-adventska-svijeca-na-pjaci\/"},"author":{"name":"Grad Opuzen","@id":"https:\/\/www.opuzen.hr\/grad\/#\/schema\/person\/0a17a9796898e9409a1fa4ca7448a481"},"headline":"Danas se pali prva adventska svije\u0107a na Pjaci","datePublished":"2019-12-01T10:02:35+00:00","dateModified":"2023-10-12T11:28:34+00:00","mainEntityOfPage":{"@id":"https:\/\/www.opuzen.hr\/grad\/danas-se-pali-prva-adventska-svijeca-na-pjaci\/"},"wordCount":70,"publisher":{"@id":"https:\/\/www.opuzen.hr\/grad\/#organization"},"image":{"@id":"https:\/\/www.opuzen.hr\/grad\/danas-se-pali-prva-adventska-svijeca-na-pjaci\/#primaryimage"},"thumbnailUrl":"https:\/\/www.opuzen.hr\/grad\/wp-content\/uploads\/2019\/12\/IMG-20191201-WA0004.jpg","keywords":["Advent","Advent u Opuzenu","adventska svije\u0107a"],"articleSection":["Novosti","Obavijesti gra\u0111anima"],"inLanguage":"hr"},{"@type":"WebPage","@id":"https:\/\/www.opuzen.hr\/grad\/danas-se-pali-prva-adventska-svijeca-na-pjaci\/","url":"https:\/\/www.opuzen.hr\/grad\/danas-se-pali-prva-adventska-svijeca-na-pjaci\/","name":"Danas se pali prva adventska svije\u0107a na Pjaci - Grad Opuzen","isPartOf":{"@id":"https:\/\/www.opuzen.hr\/grad\/#website"},"primaryImageOfPage":{"@id":"https:\/\/www.opuzen.hr\/grad\/danas-se-pali-prva-adventska-svijeca-na-pjaci\/#primaryimage"},"image":{"@id":"https:\/\/www.opuzen.hr\/grad\/danas-se-pali-prva-adventska-svijeca-na-pjaci\/#primaryimage"},"thumbnailUrl":"https:\/\/www.opuzen.hr\/grad\/wp-content\/uploads\/2019\/12\/IMG-20191201-WA0004.jpg","datePublished":"2019-12-01T10:02:35+00:00","dateModified":"2023-10-12T11:28:34+00:00","breadcrumb":{"@id":"https:\/\/www.opuzen.hr\/grad\/danas-se-pali-prva-adventska-svijeca-na-pjaci\/#breadcrumb"},"inLanguage":"hr","potentialAction":[{"@type":"ReadAction","target":["https:\/\/www.opuzen.hr\/grad\/danas-se-pali-prva-adventska-svijeca-na-pjaci\/"]}]},{"@type":"ImageObject","inLanguage":"hr","@id":"https:\/\/www.opuzen.hr\/grad\/danas-se-pali-prva-adventska-svijeca-na-pjaci\/#primaryimage","url":"https:\/\/www.opuzen.hr\/grad\/wp-content\/uploads\/2019\/12\/IMG-20191201-WA0004.jpg","contentUrl":"https:\/\/www.opuzen.hr\/grad\/wp-content\/uploads\/2019\/12\/IMG-20191201-WA0004.jpg","width":768,"height":1024},{"@type":"BreadcrumbList","@id":"https:\/\/www.opuzen.hr\/grad\/danas-se-pali-prva-adventska-svijeca-na-pjaci\/#breadcrumb","itemListElement":[{"@type":"ListItem","position":1,"name":"Po\u010detna stranica","item":"https:\/\/www.opuzen.hr\/grad\/"},{"@type":"ListItem","position":2,"name":"Danas se pali prva adventska svije\u0107a na Pjaci"}]},{"@type":"WebSite","@id":"https:\/\/www.opuzen.hr\/grad\/#website","url":"https:\/\/www.opuzen.hr\/grad\/","name":"Grad Opuzen","description":"Slu\u017ebene mre\u017ene stranice Grada Opuzena","publisher":{"@id":"https:\/\/www.opuzen.hr\/grad\/#organization"},"potentialAction":[{"@type":"SearchAction","target":{"@type":"EntryPoint","urlTemplate":"https:\/\/www.opuzen.hr\/grad\/?s={search_term_string}"},"query-input":"required name=search_term_string"}],"inLanguage":"hr"},{"@type":"Organization","@id":"https:\/\/www.opuzen.hr\/grad\/#organization","name":"Grad Opuzen","url":"https:\/\/www.opuzen.hr\/grad\/","logo":{"@type":"ImageObject","inLanguage":"hr","@id":"https:\/\/www.opuzen.hr\/grad\/#\/schema\/logo\/image\/","url":"https:\/\/www.opuzen.hr\/grad\/wp-content\/uploads\/2018\/02\/logo-opuzen.jpg","contentUrl":"https:\/\/www.opuzen.hr\/grad\/wp-content\/uploads\/2018\/02\/logo-opuzen.jpg","width":400,"height":400,"caption":"Grad Opuzen"},"image":{"@id":"https:\/\/www.opuzen.hr\/grad\/#\/schema\/logo\/image\/"}},{"@type":"Person","@id":"https:\/\/www.opuzen.hr\/grad\/#\/schema\/person\/0a17a9796898e9409a1fa4ca7448a481","name":"Grad Opuzen","image":{"@type":"ImageObject","inLanguage":"hr","@id":"https:\/\/www.opuzen.hr\/grad\/#\/schema\/person\/image\/","url":"https:\/\/secure.gravatar.com\/avatar\/0c54089de4fcf14c0fe3355109a3ac05?s=96&d=mm&r=g","contentUrl":"https:\/\/secure.gravatar.com\/avatar\/0c54089de4fcf14c0fe3355109a3ac05?s=96&d=mm&r=g","caption":"Grad Opuzen"},"url":"https:\/\/www.opuzen.hr\/grad\/author\/admin\/"}]}},"_links":{"self":[{"href":"https:\/\/www.opuzen.hr\/grad\/wp-json\/wp\/v2\/posts\/6437"}],"collection":[{"href":"https:\/\/www.opuzen.hr\/grad\/wp-json\/wp\/v2\/posts"}],"about":[{"href":"https:\/\/www.opuzen.hr\/grad\/wp-json\/wp\/v2\/types\/post"}],"author":[{"embeddable":true,"href":"https:\/\/www.opuzen.hr\/grad\/wp-json\/wp\/v2\/users\/3"}],"replies":[{"embeddable":true,"href":"https:\/\/www.opuzen.hr\/grad\/wp-json\/wp\/v2\/comments?post=6437"}],"version-history":[{"count":2,"href":"https:\/\/www.opuzen.hr\/grad\/wp-json\/wp\/v2\/posts\/6437\/revisions"}],"predecessor-version":[{"id":6446,"href":"https:\/\/www.opuzen.hr\/grad\/wp-json\/wp\/v2\/posts\/6437\/revisions\/6446"}],"wp:featuredmedia":[{"embeddable":true,"href":"https:\/\/www.opuzen.hr\/grad\/wp-json\/wp\/v2\/media\/6441"}],"wp:attachment":[{"href":"https:\/\/www.opuzen.hr\/grad\/wp-json\/wp\/v2\/media?parent=6437"}],"wp:term":[{"taxonomy":"category","embeddable":true,"href":"https:\/\/www.opuzen.hr\/grad\/wp-json\/wp\/v2\/categories?post=6437"},{"taxonomy":"post_tag","embeddable":true,"href":"https:\/\/www.opuzen.hr\/grad\/wp-json\/wp\/v2\/tags?post=6437"}],"curies":[{"name":"wp","href":"https:\/\/api.w.org\/{rel}","templated":true}]}}