{"id":6635,"date":"2020-03-15T13:58:37","date_gmt":"2020-03-15T12:58:37","guid":{"rendered":"https:\/\/www.opuzen.hr\/grad\/?p=6635"},"modified":"2023-10-12T13:28:23","modified_gmt":"2023-10-12T11:28:23","slug":"obavijest-o-zabrani-odrzavanja-svih-skupova-i-organiziranih-okupljanja-te-o-zatvaranju-djecjeg-vrtica-i-skola","status":"publish","type":"post","link":"https:\/\/www.opuzen.hr\/grad\/obavijest-o-zabrani-odrzavanja-svih-skupova-i-organiziranih-okupljanja-te-o-zatvaranju-djecjeg-vrtica-i-skola\/","title":{"rendered":"Obavijest o zabrani odr\u017eavanja svih skupova i organiziranih okupljanja te o zatvaranju dje\u010djeg vrti\u0107a i \u0161kola"},"content":{"rendered":"<p>Nakon sastanka Sto\u017eera civilne za\u0161tite Dubrova\u010dko-neretvanske \u017eupanije odr\u017eanog u Dubrovniku 14. o\u017eujka 2020. godine, te preporuka istog, a uz ve\u0107 postoje\u0107e odluke Nacionalnog sto\u017eera civilne za\u0161tite poput one o zabrani odr\u017eavanja svih skupova i organiziranih okupljanja te o zatvaranju dje\u010djeg vrti\u0107a i \u0161kola, Gradona\u010delnik Grada Opuzena donio je odluke koje od trenutka dono\u0161enja stupaju na snagu.<\/p>\n<p>Od ponedjeljka, 16. o\u017eujka 2020. godine, \u0107e se uz obustavu rada \u0161kola, obustaviti na dva tjedna i rad Dje\u010djeg vrti\u0107a Opuzen.<br \/>\nZa one roditelje koji ne mogu osigurati \u010duvanje svoje djece, omogu\u0107it \u0107e se de\u017eurstvo u vrti\u0107u. Sve informacije o de\u017eurstvu mogu se dobiti od djelatnika vrti\u0107a ili na broj telefona 671-260 od ponedjeljka 16. o\u017eujka 2020. godine.<\/p>\n<p>Grad Opuzen moli roditelje djece, da ukoliko ne postoji nu\u017ena potreba, naredna dva tjedna djecu ne vode u vrti\u0107.<\/p>\n<p>Na podru\u010dju grada Opuzena zabranjuju se pravnim i \/ili fizi\u010dkim osobama organiziranje bilo kakvih sportskih, zabavnih, kulturnih i\/ili rekreativnih i manifestacija i javnih skupova.<\/p>\n<p>Isto tako Grad Opuzen obavje\u0161tava gra\u0111ane da \u0107e se privremeno, u razdoblju od ponedjeljka, 16. o\u017eujka 2020. godine, sva komunikacija sa slu\u017ebenicima Grada Opuzena odvijati putem elektroni\u010dke po\u0161te i telefona te u nazna\u010denom razdoblju ne\u0107e biti izravnog rada sa strankama.<\/p>\n<p>Za sva pitanja i informacije, gra\u0111ani se i dalje mogu obra\u0107ati djelatnicima putem e-maila ili telefona, kontakti s brojevima telefona i e-mail adrese nalaze se na slu\u017ebenoj internet stranici Grada Opuzena <a href=\"https:\/\/www.opuzen.hr\" target=\"_blank\" rel=\"noopener noreferrer\">www.opuzen.hr<\/a>.<\/p>\n<p>Navedena mjera uvodi se preventivno u cilju suzbijanja \u0161irenja zarazne bolesti uzrokovane korona virusom te za\u0161tite gra\u0111ana, ali i slu\u017ebenika, od nepotrebnog izlaganja rizicima zaraze.<\/p>\n<p>Ista mjera odnosi se i na sva trgova\u010dka dru\u0161tva i javne ustanove u vlasni\u0161tvu Grada Opuzena, a vrijedit \u0107e do nove obavijesti.<\/p>\n<p>Grad Opuzen apelira na gra\u0111ane da se pona\u0161aju odgovorno, da ne \u0161ire paniku, ali da se pridr\u017eavaju uputa i preporuka nadle\u017enih javno-zdravstvenih tijela.<\/p>\n<p>Grad Opuzen<\/p>\n","protected":false},"excerpt":{"rendered":"<p>Nakon sastanka Sto\u017eera civilne za\u0161tite Dubrova\u010dko-neretvanske \u017eupanije odr\u017eanog u Dubrovniku 14. o\u017eujka 2020. godine, te&#8230;<\/p>\n","protected":false},"author":3,"featured_media":6638,"comment_status":"closed","ping_status":"closed","sticky":false,"template":"","format":"standard","meta":{"footnotes":""},"categories":[4,3,352],"tags":[],"class_list":["post-6635","post","type-post","status-publish","format-standard","has-post-thumbnail","hentry","category-novosti","category-obavijesti-gradanima","category-stozer-cz-rh","wpcat-4-id","wpcat-3-id","wpcat-352-id"],"yoast_head":"<!-- This site is optimized with the Yoast SEO plugin v23.1 - https:\/\/yoast.com\/wordpress\/plugins\/seo\/ -->\n<title>Obavijest o zabrani odr\u017eavanja svih skupova i organiziranih okupljanja te o zatvaranju dje\u010djeg vrti\u0107a i \u0161kola - Grad Opuzen<\/title>\n<meta name=\"robots\" content=\"index, follow, max-snippet:-1, max-image-preview:large, max-video-preview:-1\" \/>\n<link rel=\"canonical\" href=\"https:\/\/www.opuzen.hr\/grad\/obavijest-o-zabrani-odrzavanja-svih-skupova-i-organiziranih-okupljanja-te-o-zatvaranju-djecjeg-vrtica-i-skola\/\" \/>\n<meta property=\"og:locale\" content=\"hr_HR\" \/>\n<meta property=\"og:type\" content=\"article\" \/>\n<meta property=\"og:title\" content=\"Obavijest o zabrani odr\u017eavanja svih skupova i organiziranih okupljanja te o zatvaranju dje\u010djeg vrti\u0107a i \u0161kola - Grad Opuzen\" \/>\n<meta property=\"og:description\" content=\"Nakon sastanka Sto\u017eera civilne za\u0161tite Dubrova\u010dko-neretvanske \u017eupanije odr\u017eanog u Dubrovniku 14. o\u017eujka 2020. godine, te...\" \/>\n<meta property=\"og:url\" content=\"https:\/\/www.opuzen.hr\/grad\/obavijest-o-zabrani-odrzavanja-svih-skupova-i-organiziranih-okupljanja-te-o-zatvaranju-djecjeg-vrtica-i-skola\/\" \/>\n<meta property=\"og:site_name\" content=\"Grad Opuzen\" \/>\n<meta property=\"article:published_time\" content=\"2020-03-15T12:58:37+00:00\" \/>\n<meta property=\"article:modified_time\" content=\"2023-10-12T11:28:23+00:00\" \/>\n<meta property=\"og:image\" content=\"https:\/\/www.opuzen.hr\/grad\/wp-content\/uploads\/2020\/03\/opuzen-logo-sredina2.png\" \/>\n\t<meta property=\"og:image:width\" content=\"797\" \/>\n\t<meta property=\"og:image:height\" content=\"493\" \/>\n\t<meta property=\"og:image:type\" content=\"image\/png\" \/>\n<meta name=\"author\" content=\"Grad Opuzen\" \/>\n<meta name=\"twitter:card\" content=\"summary_large_image\" \/>\n<meta name=\"twitter:label1\" content=\"Napisao\/la\" \/>\n\t<meta name=\"twitter:data1\" content=\"Grad Opuzen\" \/>\n\t<meta name=\"twitter:label2\" content=\"Procijenjeno vrijeme \u010ditanja\" \/>\n\t<meta name=\"twitter:data2\" content=\"2 minute\" \/>\n<script type=\"application\/ld+json\" class=\"yoast-schema-graph\">{\"@context\":\"https:\/\/schema.org\",\"@graph\":[{\"@type\":\"Article\",\"@id\":\"https:\/\/www.opuzen.hr\/grad\/obavijest-o-zabrani-odrzavanja-svih-skupova-i-organiziranih-okupljanja-te-o-zatvaranju-djecjeg-vrtica-i-skola\/#article\",\"isPartOf\":{\"@id\":\"https:\/\/www.opuzen.hr\/grad\/obavijest-o-zabrani-odrzavanja-svih-skupova-i-organiziranih-okupljanja-te-o-zatvaranju-djecjeg-vrtica-i-skola\/\"},\"author\":{\"name\":\"Grad Opuzen\",\"@id\":\"https:\/\/www.opuzen.hr\/grad\/#\/schema\/person\/0a17a9796898e9409a1fa4ca7448a481\"},\"headline\":\"Obavijest o zabrani odr\u017eavanja svih skupova i organiziranih okupljanja te o zatvaranju dje\u010djeg vrti\u0107a i \u0161kola\",\"datePublished\":\"2020-03-15T12:58:37+00:00\",\"dateModified\":\"2023-10-12T11:28:23+00:00\",\"mainEntityOfPage\":{\"@id\":\"https:\/\/www.opuzen.hr\/grad\/obavijest-o-zabrani-odrzavanja-svih-skupova-i-organiziranih-okupljanja-te-o-zatvaranju-djecjeg-vrtica-i-skola\/\"},\"wordCount\":361,\"publisher\":{\"@id\":\"https:\/\/www.opuzen.hr\/grad\/#organization\"},\"image\":{\"@id\":\"https:\/\/www.opuzen.hr\/grad\/obavijest-o-zabrani-odrzavanja-svih-skupova-i-organiziranih-okupljanja-te-o-zatvaranju-djecjeg-vrtica-i-skola\/#primaryimage\"},\"thumbnailUrl\":\"https:\/\/www.opuzen.hr\/grad\/wp-content\/uploads\/2020\/03\/opuzen-logo-sredina2.png\",\"articleSection\":[\"Novosti\",\"Obavijesti gra\u0111anima\",\"Sto\u017eer CZ RH\"],\"inLanguage\":\"hr\"},{\"@type\":\"WebPage\",\"@id\":\"https:\/\/www.opuzen.hr\/grad\/obavijest-o-zabrani-odrzavanja-svih-skupova-i-organiziranih-okupljanja-te-o-zatvaranju-djecjeg-vrtica-i-skola\/\",\"url\":\"https:\/\/www.opuzen.hr\/grad\/obavijest-o-zabrani-odrzavanja-svih-skupova-i-organiziranih-okupljanja-te-o-zatvaranju-djecjeg-vrtica-i-skola\/\",\"name\":\"Obavijest o zabrani odr\u017eavanja svih skupova i organiziranih okupljanja te o zatvaranju dje\u010djeg vrti\u0107a i \u0161kola - Grad Opuzen\",\"isPartOf\":{\"@id\":\"https:\/\/www.opuzen.hr\/grad\/#website\"},\"primaryImageOfPage\":{\"@id\":\"https:\/\/www.opuzen.hr\/grad\/obavijest-o-zabrani-odrzavanja-svih-skupova-i-organiziranih-okupljanja-te-o-zatvaranju-djecjeg-vrtica-i-skola\/#primaryimage\"},\"image\":{\"@id\":\"https:\/\/www.opuzen.hr\/grad\/obavijest-o-zabrani-odrzavanja-svih-skupova-i-organiziranih-okupljanja-te-o-zatvaranju-djecjeg-vrtica-i-skola\/#primaryimage\"},\"thumbnailUrl\":\"https:\/\/www.opuzen.hr\/grad\/wp-content\/uploads\/2020\/03\/opuzen-logo-sredina2.png\",\"datePublished\":\"2020-03-15T12:58:37+00:00\",\"dateModified\":\"2023-10-12T11:28:23+00:00\",\"breadcrumb\":{\"@id\":\"https:\/\/www.opuzen.hr\/grad\/obavijest-o-zabrani-odrzavanja-svih-skupova-i-organiziranih-okupljanja-te-o-zatvaranju-djecjeg-vrtica-i-skola\/#breadcrumb\"},\"inLanguage\":\"hr\",\"potentialAction\":[{\"@type\":\"ReadAction\",\"target\":[\"https:\/\/www.opuzen.hr\/grad\/obavijest-o-zabrani-odrzavanja-svih-skupova-i-organiziranih-okupljanja-te-o-zatvaranju-djecjeg-vrtica-i-skola\/\"]}]},{\"@type\":\"ImageObject\",\"inLanguage\":\"hr\",\"@id\":\"https:\/\/www.opuzen.hr\/grad\/obavijest-o-zabrani-odrzavanja-svih-skupova-i-organiziranih-okupljanja-te-o-zatvaranju-djecjeg-vrtica-i-skola\/#primaryimage\",\"url\":\"https:\/\/www.opuzen.hr\/grad\/wp-content\/uploads\/2020\/03\/opuzen-logo-sredina2.png\",\"contentUrl\":\"https:\/\/www.opuzen.hr\/grad\/wp-content\/uploads\/2020\/03\/opuzen-logo-sredina2.png\",\"width\":797,\"height\":493},{\"@type\":\"BreadcrumbList\",\"@id\":\"https:\/\/www.opuzen.hr\/grad\/obavijest-o-zabrani-odrzavanja-svih-skupova-i-organiziranih-okupljanja-te-o-zatvaranju-djecjeg-vrtica-i-skola\/#breadcrumb\",\"itemListElement\":[{\"@type\":\"ListItem\",\"position\":1,\"name\":\"Po\u010detna stranica\",\"item\":\"https:\/\/www.opuzen.hr\/grad\/\"},{\"@type\":\"ListItem\",\"position\":2,\"name\":\"Obavijest o zabrani odr\u017eavanja svih skupova i organiziranih okupljanja te o zatvaranju dje\u010djeg vrti\u0107a i \u0161kola\"}]},{\"@type\":\"WebSite\",\"@id\":\"https:\/\/www.opuzen.hr\/grad\/#website\",\"url\":\"https:\/\/www.opuzen.hr\/grad\/\",\"name\":\"Grad Opuzen\",\"description\":\"Slu\u017ebene mre\u017ene stranice Grada Opuzena\",\"publisher\":{\"@id\":\"https:\/\/www.opuzen.hr\/grad\/#organization\"},\"potentialAction\":[{\"@type\":\"SearchAction\",\"target\":{\"@type\":\"EntryPoint\",\"urlTemplate\":\"https:\/\/www.opuzen.hr\/grad\/?s={search_term_string}\"},\"query-input\":\"required name=search_term_string\"}],\"inLanguage\":\"hr\"},{\"@type\":\"Organization\",\"@id\":\"https:\/\/www.opuzen.hr\/grad\/#organization\",\"name\":\"Grad Opuzen\",\"url\":\"https:\/\/www.opuzen.hr\/grad\/\",\"logo\":{\"@type\":\"ImageObject\",\"inLanguage\":\"hr\",\"@id\":\"https:\/\/www.opuzen.hr\/grad\/#\/schema\/logo\/image\/\",\"url\":\"https:\/\/www.opuzen.hr\/grad\/wp-content\/uploads\/2018\/02\/logo-opuzen.jpg\",\"contentUrl\":\"https:\/\/www.opuzen.hr\/grad\/wp-content\/uploads\/2018\/02\/logo-opuzen.jpg\",\"width\":400,\"height\":400,\"caption\":\"Grad Opuzen\"},\"image\":{\"@id\":\"https:\/\/www.opuzen.hr\/grad\/#\/schema\/logo\/image\/\"}},{\"@type\":\"Person\",\"@id\":\"https:\/\/www.opuzen.hr\/grad\/#\/schema\/person\/0a17a9796898e9409a1fa4ca7448a481\",\"name\":\"Grad Opuzen\",\"image\":{\"@type\":\"ImageObject\",\"inLanguage\":\"hr\",\"@id\":\"https:\/\/www.opuzen.hr\/grad\/#\/schema\/person\/image\/\",\"url\":\"https:\/\/secure.gravatar.com\/avatar\/0c54089de4fcf14c0fe3355109a3ac05?s=96&d=mm&r=g\",\"contentUrl\":\"https:\/\/secure.gravatar.com\/avatar\/0c54089de4fcf14c0fe3355109a3ac05?s=96&d=mm&r=g\",\"caption\":\"Grad Opuzen\"},\"url\":\"https:\/\/www.opuzen.hr\/grad\/author\/admin\/\"}]}<\/script>\n<!-- \/ Yoast SEO plugin. -->","yoast_head_json":{"title":"Obavijest o zabrani odr\u017eavanja svih skupova i organiziranih okupljanja te o zatvaranju dje\u010djeg vrti\u0107a i \u0161kola - Grad Opuzen","robots":{"index":"index","follow":"follow","max-snippet":"max-snippet:-1","max-image-preview":"max-image-preview:large","max-video-preview":"max-video-preview:-1"},"canonical":"https:\/\/www.opuzen.hr\/grad\/obavijest-o-zabrani-odrzavanja-svih-skupova-i-organiziranih-okupljanja-te-o-zatvaranju-djecjeg-vrtica-i-skola\/","og_locale":"hr_HR","og_type":"article","og_title":"Obavijest o zabrani odr\u017eavanja svih skupova i organiziranih okupljanja te o zatvaranju dje\u010djeg vrti\u0107a i \u0161kola - Grad Opuzen","og_description":"Nakon sastanka Sto\u017eera civilne za\u0161tite Dubrova\u010dko-neretvanske \u017eupanije odr\u017eanog u Dubrovniku 14. o\u017eujka 2020. godine, te...","og_url":"https:\/\/www.opuzen.hr\/grad\/obavijest-o-zabrani-odrzavanja-svih-skupova-i-organiziranih-okupljanja-te-o-zatvaranju-djecjeg-vrtica-i-skola\/","og_site_name":"Grad Opuzen","article_published_time":"2020-03-15T12:58:37+00:00","article_modified_time":"2023-10-12T11:28:23+00:00","og_image":[{"width":797,"height":493,"url":"https:\/\/www.opuzen.hr\/grad\/wp-content\/uploads\/2020\/03\/opuzen-logo-sredina2.png","type":"image\/png"}],"author":"Grad Opuzen","twitter_card":"summary_large_image","twitter_misc":{"Napisao\/la":"Grad Opuzen","Procijenjeno vrijeme \u010ditanja":"2 minute"},"schema":{"@context":"https:\/\/schema.org","@graph":[{"@type":"Article","@id":"https:\/\/www.opuzen.hr\/grad\/obavijest-o-zabrani-odrzavanja-svih-skupova-i-organiziranih-okupljanja-te-o-zatvaranju-djecjeg-vrtica-i-skola\/#article","isPartOf":{"@id":"https:\/\/www.opuzen.hr\/grad\/obavijest-o-zabrani-odrzavanja-svih-skupova-i-organiziranih-okupljanja-te-o-zatvaranju-djecjeg-vrtica-i-skola\/"},"author":{"name":"Grad Opuzen","@id":"https:\/\/www.opuzen.hr\/grad\/#\/schema\/person\/0a17a9796898e9409a1fa4ca7448a481"},"headline":"Obavijest o zabrani odr\u017eavanja svih skupova i organiziranih okupljanja te o zatvaranju dje\u010djeg vrti\u0107a i \u0161kola","datePublished":"2020-03-15T12:58:37+00:00","dateModified":"2023-10-12T11:28:23+00:00","mainEntityOfPage":{"@id":"https:\/\/www.opuzen.hr\/grad\/obavijest-o-zabrani-odrzavanja-svih-skupova-i-organiziranih-okupljanja-te-o-zatvaranju-djecjeg-vrtica-i-skola\/"},"wordCount":361,"publisher":{"@id":"https:\/\/www.opuzen.hr\/grad\/#organization"},"image":{"@id":"https:\/\/www.opuzen.hr\/grad\/obavijest-o-zabrani-odrzavanja-svih-skupova-i-organiziranih-okupljanja-te-o-zatvaranju-djecjeg-vrtica-i-skola\/#primaryimage"},"thumbnailUrl":"https:\/\/www.opuzen.hr\/grad\/wp-content\/uploads\/2020\/03\/opuzen-logo-sredina2.png","articleSection":["Novosti","Obavijesti gra\u0111anima","Sto\u017eer CZ RH"],"inLanguage":"hr"},{"@type":"WebPage","@id":"https:\/\/www.opuzen.hr\/grad\/obavijest-o-zabrani-odrzavanja-svih-skupova-i-organiziranih-okupljanja-te-o-zatvaranju-djecjeg-vrtica-i-skola\/","url":"https:\/\/www.opuzen.hr\/grad\/obavijest-o-zabrani-odrzavanja-svih-skupova-i-organiziranih-okupljanja-te-o-zatvaranju-djecjeg-vrtica-i-skola\/","name":"Obavijest o zabrani odr\u017eavanja svih skupova i organiziranih okupljanja te o zatvaranju dje\u010djeg vrti\u0107a i \u0161kola - Grad Opuzen","isPartOf":{"@id":"https:\/\/www.opuzen.hr\/grad\/#website"},"primaryImageOfPage":{"@id":"https:\/\/www.opuzen.hr\/grad\/obavijest-o-zabrani-odrzavanja-svih-skupova-i-organiziranih-okupljanja-te-o-zatvaranju-djecjeg-vrtica-i-skola\/#primaryimage"},"image":{"@id":"https:\/\/www.opuzen.hr\/grad\/obavijest-o-zabrani-odrzavanja-svih-skupova-i-organiziranih-okupljanja-te-o-zatvaranju-djecjeg-vrtica-i-skola\/#primaryimage"},"thumbnailUrl":"https:\/\/www.opuzen.hr\/grad\/wp-content\/uploads\/2020\/03\/opuzen-logo-sredina2.png","datePublished":"2020-03-15T12:58:37+00:00","dateModified":"2023-10-12T11:28:23+00:00","breadcrumb":{"@id":"https:\/\/www.opuzen.hr\/grad\/obavijest-o-zabrani-odrzavanja-svih-skupova-i-organiziranih-okupljanja-te-o-zatvaranju-djecjeg-vrtica-i-skola\/#breadcrumb"},"inLanguage":"hr","potentialAction":[{"@type":"ReadAction","target":["https:\/\/www.opuzen.hr\/grad\/obavijest-o-zabrani-odrzavanja-svih-skupova-i-organiziranih-okupljanja-te-o-zatvaranju-djecjeg-vrtica-i-skola\/"]}]},{"@type":"ImageObject","inLanguage":"hr","@id":"https:\/\/www.opuzen.hr\/grad\/obavijest-o-zabrani-odrzavanja-svih-skupova-i-organiziranih-okupljanja-te-o-zatvaranju-djecjeg-vrtica-i-skola\/#primaryimage","url":"https:\/\/www.opuzen.hr\/grad\/wp-content\/uploads\/2020\/03\/opuzen-logo-sredina2.png","contentUrl":"https:\/\/www.opuzen.hr\/grad\/wp-content\/uploads\/2020\/03\/opuzen-logo-sredina2.png","width":797,"height":493},{"@type":"BreadcrumbList","@id":"https:\/\/www.opuzen.hr\/grad\/obavijest-o-zabrani-odrzavanja-svih-skupova-i-organiziranih-okupljanja-te-o-zatvaranju-djecjeg-vrtica-i-skola\/#breadcrumb","itemListElement":[{"@type":"ListItem","position":1,"name":"Po\u010detna stranica","item":"https:\/\/www.opuzen.hr\/grad\/"},{"@type":"ListItem","position":2,"name":"Obavijest o zabrani odr\u017eavanja svih skupova i organiziranih okupljanja te o zatvaranju dje\u010djeg vrti\u0107a i \u0161kola"}]},{"@type":"WebSite","@id":"https:\/\/www.opuzen.hr\/grad\/#website","url":"https:\/\/www.opuzen.hr\/grad\/","name":"Grad Opuzen","description":"Slu\u017ebene mre\u017ene stranice Grada Opuzena","publisher":{"@id":"https:\/\/www.opuzen.hr\/grad\/#organization"},"potentialAction":[{"@type":"SearchAction","target":{"@type":"EntryPoint","urlTemplate":"https:\/\/www.opuzen.hr\/grad\/?s={search_term_string}"},"query-input":"required name=search_term_string"}],"inLanguage":"hr"},{"@type":"Organization","@id":"https:\/\/www.opuzen.hr\/grad\/#organization","name":"Grad Opuzen","url":"https:\/\/www.opuzen.hr\/grad\/","logo":{"@type":"ImageObject","inLanguage":"hr","@id":"https:\/\/www.opuzen.hr\/grad\/#\/schema\/logo\/image\/","url":"https:\/\/www.opuzen.hr\/grad\/wp-content\/uploads\/2018\/02\/logo-opuzen.jpg","contentUrl":"https:\/\/www.opuzen.hr\/grad\/wp-content\/uploads\/2018\/02\/logo-opuzen.jpg","width":400,"height":400,"caption":"Grad Opuzen"},"image":{"@id":"https:\/\/www.opuzen.hr\/grad\/#\/schema\/logo\/image\/"}},{"@type":"Person","@id":"https:\/\/www.opuzen.hr\/grad\/#\/schema\/person\/0a17a9796898e9409a1fa4ca7448a481","name":"Grad Opuzen","image":{"@type":"ImageObject","inLanguage":"hr","@id":"https:\/\/www.opuzen.hr\/grad\/#\/schema\/person\/image\/","url":"https:\/\/secure.gravatar.com\/avatar\/0c54089de4fcf14c0fe3355109a3ac05?s=96&d=mm&r=g","contentUrl":"https:\/\/secure.gravatar.com\/avatar\/0c54089de4fcf14c0fe3355109a3ac05?s=96&d=mm&r=g","caption":"Grad Opuzen"},"url":"https:\/\/www.opuzen.hr\/grad\/author\/admin\/"}]}},"_links":{"self":[{"href":"https:\/\/www.opuzen.hr\/grad\/wp-json\/wp\/v2\/posts\/6635"}],"collection":[{"href":"https:\/\/www.opuzen.hr\/grad\/wp-json\/wp\/v2\/posts"}],"about":[{"href":"https:\/\/www.opuzen.hr\/grad\/wp-json\/wp\/v2\/types\/post"}],"author":[{"embeddable":true,"href":"https:\/\/www.opuzen.hr\/grad\/wp-json\/wp\/v2\/users\/3"}],"replies":[{"embeddable":true,"href":"https:\/\/www.opuzen.hr\/grad\/wp-json\/wp\/v2\/comments?post=6635"}],"version-history":[{"count":2,"href":"https:\/\/www.opuzen.hr\/grad\/wp-json\/wp\/v2\/posts\/6635\/revisions"}],"predecessor-version":[{"id":6639,"href":"https:\/\/www.opuzen.hr\/grad\/wp-json\/wp\/v2\/posts\/6635\/revisions\/6639"}],"wp:featuredmedia":[{"embeddable":true,"href":"https:\/\/www.opuzen.hr\/grad\/wp-json\/wp\/v2\/media\/6638"}],"wp:attachment":[{"href":"https:\/\/www.opuzen.hr\/grad\/wp-json\/wp\/v2\/media?parent=6635"}],"wp:term":[{"taxonomy":"category","embeddable":true,"href":"https:\/\/www.opuzen.hr\/grad\/wp-json\/wp\/v2\/categories?post=6635"},{"taxonomy":"post_tag","embeddable":true,"href":"https:\/\/www.opuzen.hr\/grad\/wp-json\/wp\/v2\/tags?post=6635"}],"curies":[{"name":"wp","href":"https:\/\/api.w.org\/{rel}","templated":true}]}}