{"id":6951,"date":"2020-08-07T14:48:28","date_gmt":"2020-08-07T12:48:28","guid":{"rendered":"https:\/\/www.opuzen.hr\/grad\/?p=6951"},"modified":"2023-10-12T13:27:59","modified_gmt":"2023-10-12T11:27:59","slug":"gradska-knjiznica-opuzen-zapocela-je-s-odrzavanjem-microbit-radionica","status":"publish","type":"post","link":"https:\/\/www.opuzen.hr\/grad\/gradska-knjiznica-opuzen-zapocela-je-s-odrzavanjem-microbit-radionica\/","title":{"rendered":"Gradska knji\u017enica Opuzen zapo\u010dela je s odr\u017eavanjem micro:bit radionica!"},"content":{"rendered":"<p>Gradska knji\u017enica Opuzen zapo\u010dela je s odr\u017eavanjem micro:bit radionica! Na radionicama \u0107e se predstaviti novi IRIM-ov koncept u\u010denja programiranja s micro:bitom uz pomo\u0107 novog priru\u010dnika za u\u010denje \u201cOsnove digitalnog stvarala\u0161tva uz micro:bit\u201d. Polaznici \u0107e se upoznati s osnovama kori\u0161tenja micro:bita \u2013 kako po\u010deti, napisati svoje prve programe i gdje mogu prona\u0107i dodatne edukacijske materijale.<\/p>\n<p>*S obzirom kako Gradska knji\u017enica Opuzen posjeduje pet ra\u010dunala, radionicama mo\u017ee prisustvovati istovremeno petoro djece. *<\/p>\n<p><strong>Radionica:<\/strong> Osnove digitalnog stvarala\u0161tva uz micro:bit<br \/>\n<strong>Vrijeme i mjesto:<\/strong> Utorak, 11.8.2020. u 10 h, Gradska knji\u017enica Opuzen<br \/>\n<strong>Uzrast:<\/strong> 10-14 godina<br \/>\n<strong>Predznanje:<\/strong> Nije potrebno<br \/>\n<strong>Prijave:<\/strong> U inbox na Facebook ili Instagram stranici, te putem br. mobitela 099-680-7640 ili osobno u knji\u017enici.<br \/>\n<strong>Voditeljica:<\/strong> Dora \u0160e\u0161elj<\/p>\n","protected":false},"excerpt":{"rendered":"<p>Gradska knji\u017enica Opuzen zapo\u010dela je s odr\u017eavanjem micro:bit radionica! Na radionicama \u0107e se predstaviti novi&#8230;<\/p>\n","protected":false},"author":3,"featured_media":6952,"comment_status":"closed","ping_status":"closed","sticky":false,"template":"","format":"standard","meta":{"footnotes":""},"categories":[4],"tags":[369,370],"class_list":["post-6951","post","type-post","status-publish","format-standard","has-post-thumbnail","hentry","category-novosti","tag-gradska-knjiznica-opuzen","tag-microbit","wpcat-4-id"],"yoast_head":"<!-- This site is optimized with the Yoast SEO plugin v23.1 - https:\/\/yoast.com\/wordpress\/plugins\/seo\/ -->\n<title>Gradska knji\u017enica Opuzen zapo\u010dela je s odr\u017eavanjem micro:bit radionica! - Grad Opuzen<\/title>\n<meta name=\"robots\" content=\"index, follow, max-snippet:-1, max-image-preview:large, max-video-preview:-1\" \/>\n<link rel=\"canonical\" href=\"https:\/\/www.opuzen.hr\/grad\/gradska-knjiznica-opuzen-zapocela-je-s-odrzavanjem-microbit-radionica\/\" \/>\n<meta property=\"og:locale\" content=\"hr_HR\" \/>\n<meta property=\"og:type\" content=\"article\" \/>\n<meta property=\"og:title\" content=\"Gradska knji\u017enica Opuzen zapo\u010dela je s odr\u017eavanjem micro:bit radionica! - Grad Opuzen\" \/>\n<meta property=\"og:description\" content=\"Gradska knji\u017enica Opuzen zapo\u010dela je s odr\u017eavanjem micro:bit radionica! Na radionicama \u0107e se predstaviti novi...\" \/>\n<meta property=\"og:url\" content=\"https:\/\/www.opuzen.hr\/grad\/gradska-knjiznica-opuzen-zapocela-je-s-odrzavanjem-microbit-radionica\/\" \/>\n<meta property=\"og:site_name\" content=\"Grad Opuzen\" \/>\n<meta property=\"article:published_time\" content=\"2020-08-07T12:48:28+00:00\" \/>\n<meta property=\"article:modified_time\" content=\"2023-10-12T11:27:59+00:00\" \/>\n<meta property=\"og:image\" content=\"https:\/\/www.opuzen.hr\/grad\/wp-content\/uploads\/2020\/08\/microbit.jpg\" \/>\n\t<meta property=\"og:image:width\" content=\"1242\" \/>\n\t<meta property=\"og:image:height\" content=\"818\" \/>\n\t<meta property=\"og:image:type\" content=\"image\/jpeg\" \/>\n<meta name=\"author\" content=\"Grad Opuzen\" \/>\n<meta name=\"twitter:card\" content=\"summary_large_image\" \/>\n<meta name=\"twitter:label1\" content=\"Napisao\/la\" \/>\n\t<meta name=\"twitter:data1\" content=\"Grad Opuzen\" \/>\n\t<meta name=\"twitter:label2\" content=\"Procijenjeno vrijeme \u010ditanja\" \/>\n\t<meta name=\"twitter:data2\" content=\"1 minuta\" \/>\n<script type=\"application\/ld+json\" class=\"yoast-schema-graph\">{\"@context\":\"https:\/\/schema.org\",\"@graph\":[{\"@type\":\"Article\",\"@id\":\"https:\/\/www.opuzen.hr\/grad\/gradska-knjiznica-opuzen-zapocela-je-s-odrzavanjem-microbit-radionica\/#article\",\"isPartOf\":{\"@id\":\"https:\/\/www.opuzen.hr\/grad\/gradska-knjiznica-opuzen-zapocela-je-s-odrzavanjem-microbit-radionica\/\"},\"author\":{\"name\":\"Grad Opuzen\",\"@id\":\"https:\/\/www.opuzen.hr\/grad\/#\/schema\/person\/0a17a9796898e9409a1fa4ca7448a481\"},\"headline\":\"Gradska knji\u017enica Opuzen zapo\u010dela je s odr\u017eavanjem micro:bit radionica!\",\"datePublished\":\"2020-08-07T12:48:28+00:00\",\"dateModified\":\"2023-10-12T11:27:59+00:00\",\"mainEntityOfPage\":{\"@id\":\"https:\/\/www.opuzen.hr\/grad\/gradska-knjiznica-opuzen-zapocela-je-s-odrzavanjem-microbit-radionica\/\"},\"wordCount\":145,\"publisher\":{\"@id\":\"https:\/\/www.opuzen.hr\/grad\/#organization\"},\"image\":{\"@id\":\"https:\/\/www.opuzen.hr\/grad\/gradska-knjiznica-opuzen-zapocela-je-s-odrzavanjem-microbit-radionica\/#primaryimage\"},\"thumbnailUrl\":\"https:\/\/www.opuzen.hr\/grad\/wp-content\/uploads\/2020\/08\/microbit.jpg\",\"keywords\":[\"Gradska knji\u017enica Opuzen\",\"microbit\"],\"articleSection\":[\"Novosti\"],\"inLanguage\":\"hr\"},{\"@type\":\"WebPage\",\"@id\":\"https:\/\/www.opuzen.hr\/grad\/gradska-knjiznica-opuzen-zapocela-je-s-odrzavanjem-microbit-radionica\/\",\"url\":\"https:\/\/www.opuzen.hr\/grad\/gradska-knjiznica-opuzen-zapocela-je-s-odrzavanjem-microbit-radionica\/\",\"name\":\"Gradska knji\u017enica Opuzen zapo\u010dela je s odr\u017eavanjem micro:bit radionica! - Grad Opuzen\",\"isPartOf\":{\"@id\":\"https:\/\/www.opuzen.hr\/grad\/#website\"},\"primaryImageOfPage\":{\"@id\":\"https:\/\/www.opuzen.hr\/grad\/gradska-knjiznica-opuzen-zapocela-je-s-odrzavanjem-microbit-radionica\/#primaryimage\"},\"image\":{\"@id\":\"https:\/\/www.opuzen.hr\/grad\/gradska-knjiznica-opuzen-zapocela-je-s-odrzavanjem-microbit-radionica\/#primaryimage\"},\"thumbnailUrl\":\"https:\/\/www.opuzen.hr\/grad\/wp-content\/uploads\/2020\/08\/microbit.jpg\",\"datePublished\":\"2020-08-07T12:48:28+00:00\",\"dateModified\":\"2023-10-12T11:27:59+00:00\",\"breadcrumb\":{\"@id\":\"https:\/\/www.opuzen.hr\/grad\/gradska-knjiznica-opuzen-zapocela-je-s-odrzavanjem-microbit-radionica\/#breadcrumb\"},\"inLanguage\":\"hr\",\"potentialAction\":[{\"@type\":\"ReadAction\",\"target\":[\"https:\/\/www.opuzen.hr\/grad\/gradska-knjiznica-opuzen-zapocela-je-s-odrzavanjem-microbit-radionica\/\"]}]},{\"@type\":\"ImageObject\",\"inLanguage\":\"hr\",\"@id\":\"https:\/\/www.opuzen.hr\/grad\/gradska-knjiznica-opuzen-zapocela-je-s-odrzavanjem-microbit-radionica\/#primaryimage\",\"url\":\"https:\/\/www.opuzen.hr\/grad\/wp-content\/uploads\/2020\/08\/microbit.jpg\",\"contentUrl\":\"https:\/\/www.opuzen.hr\/grad\/wp-content\/uploads\/2020\/08\/microbit.jpg\",\"width\":1242,\"height\":818},{\"@type\":\"BreadcrumbList\",\"@id\":\"https:\/\/www.opuzen.hr\/grad\/gradska-knjiznica-opuzen-zapocela-je-s-odrzavanjem-microbit-radionica\/#breadcrumb\",\"itemListElement\":[{\"@type\":\"ListItem\",\"position\":1,\"name\":\"Po\u010detna stranica\",\"item\":\"https:\/\/www.opuzen.hr\/grad\/\"},{\"@type\":\"ListItem\",\"position\":2,\"name\":\"Gradska knji\u017enica Opuzen zapo\u010dela je s odr\u017eavanjem micro:bit radionica!\"}]},{\"@type\":\"WebSite\",\"@id\":\"https:\/\/www.opuzen.hr\/grad\/#website\",\"url\":\"https:\/\/www.opuzen.hr\/grad\/\",\"name\":\"Grad Opuzen\",\"description\":\"Slu\u017ebene mre\u017ene stranice Grada Opuzena\",\"publisher\":{\"@id\":\"https:\/\/www.opuzen.hr\/grad\/#organization\"},\"potentialAction\":[{\"@type\":\"SearchAction\",\"target\":{\"@type\":\"EntryPoint\",\"urlTemplate\":\"https:\/\/www.opuzen.hr\/grad\/?s={search_term_string}\"},\"query-input\":\"required name=search_term_string\"}],\"inLanguage\":\"hr\"},{\"@type\":\"Organization\",\"@id\":\"https:\/\/www.opuzen.hr\/grad\/#organization\",\"name\":\"Grad Opuzen\",\"url\":\"https:\/\/www.opuzen.hr\/grad\/\",\"logo\":{\"@type\":\"ImageObject\",\"inLanguage\":\"hr\",\"@id\":\"https:\/\/www.opuzen.hr\/grad\/#\/schema\/logo\/image\/\",\"url\":\"https:\/\/www.opuzen.hr\/grad\/wp-content\/uploads\/2018\/02\/logo-opuzen.jpg\",\"contentUrl\":\"https:\/\/www.opuzen.hr\/grad\/wp-content\/uploads\/2018\/02\/logo-opuzen.jpg\",\"width\":400,\"height\":400,\"caption\":\"Grad Opuzen\"},\"image\":{\"@id\":\"https:\/\/www.opuzen.hr\/grad\/#\/schema\/logo\/image\/\"}},{\"@type\":\"Person\",\"@id\":\"https:\/\/www.opuzen.hr\/grad\/#\/schema\/person\/0a17a9796898e9409a1fa4ca7448a481\",\"name\":\"Grad Opuzen\",\"image\":{\"@type\":\"ImageObject\",\"inLanguage\":\"hr\",\"@id\":\"https:\/\/www.opuzen.hr\/grad\/#\/schema\/person\/image\/\",\"url\":\"https:\/\/secure.gravatar.com\/avatar\/0c54089de4fcf14c0fe3355109a3ac05?s=96&d=mm&r=g\",\"contentUrl\":\"https:\/\/secure.gravatar.com\/avatar\/0c54089de4fcf14c0fe3355109a3ac05?s=96&d=mm&r=g\",\"caption\":\"Grad Opuzen\"},\"url\":\"https:\/\/www.opuzen.hr\/grad\/author\/admin\/\"}]}<\/script>\n<!-- \/ Yoast SEO plugin. -->","yoast_head_json":{"title":"Gradska knji\u017enica Opuzen zapo\u010dela je s odr\u017eavanjem micro:bit radionica! - Grad Opuzen","robots":{"index":"index","follow":"follow","max-snippet":"max-snippet:-1","max-image-preview":"max-image-preview:large","max-video-preview":"max-video-preview:-1"},"canonical":"https:\/\/www.opuzen.hr\/grad\/gradska-knjiznica-opuzen-zapocela-je-s-odrzavanjem-microbit-radionica\/","og_locale":"hr_HR","og_type":"article","og_title":"Gradska knji\u017enica Opuzen zapo\u010dela je s odr\u017eavanjem micro:bit radionica! - Grad Opuzen","og_description":"Gradska knji\u017enica Opuzen zapo\u010dela je s odr\u017eavanjem micro:bit radionica! Na radionicama \u0107e se predstaviti novi...","og_url":"https:\/\/www.opuzen.hr\/grad\/gradska-knjiznica-opuzen-zapocela-je-s-odrzavanjem-microbit-radionica\/","og_site_name":"Grad Opuzen","article_published_time":"2020-08-07T12:48:28+00:00","article_modified_time":"2023-10-12T11:27:59+00:00","og_image":[{"width":1242,"height":818,"url":"https:\/\/www.opuzen.hr\/grad\/wp-content\/uploads\/2020\/08\/microbit.jpg","type":"image\/jpeg"}],"author":"Grad Opuzen","twitter_card":"summary_large_image","twitter_misc":{"Napisao\/la":"Grad Opuzen","Procijenjeno vrijeme \u010ditanja":"1 minuta"},"schema":{"@context":"https:\/\/schema.org","@graph":[{"@type":"Article","@id":"https:\/\/www.opuzen.hr\/grad\/gradska-knjiznica-opuzen-zapocela-je-s-odrzavanjem-microbit-radionica\/#article","isPartOf":{"@id":"https:\/\/www.opuzen.hr\/grad\/gradska-knjiznica-opuzen-zapocela-je-s-odrzavanjem-microbit-radionica\/"},"author":{"name":"Grad Opuzen","@id":"https:\/\/www.opuzen.hr\/grad\/#\/schema\/person\/0a17a9796898e9409a1fa4ca7448a481"},"headline":"Gradska knji\u017enica Opuzen zapo\u010dela je s odr\u017eavanjem micro:bit radionica!","datePublished":"2020-08-07T12:48:28+00:00","dateModified":"2023-10-12T11:27:59+00:00","mainEntityOfPage":{"@id":"https:\/\/www.opuzen.hr\/grad\/gradska-knjiznica-opuzen-zapocela-je-s-odrzavanjem-microbit-radionica\/"},"wordCount":145,"publisher":{"@id":"https:\/\/www.opuzen.hr\/grad\/#organization"},"image":{"@id":"https:\/\/www.opuzen.hr\/grad\/gradska-knjiznica-opuzen-zapocela-je-s-odrzavanjem-microbit-radionica\/#primaryimage"},"thumbnailUrl":"https:\/\/www.opuzen.hr\/grad\/wp-content\/uploads\/2020\/08\/microbit.jpg","keywords":["Gradska knji\u017enica Opuzen","microbit"],"articleSection":["Novosti"],"inLanguage":"hr"},{"@type":"WebPage","@id":"https:\/\/www.opuzen.hr\/grad\/gradska-knjiznica-opuzen-zapocela-je-s-odrzavanjem-microbit-radionica\/","url":"https:\/\/www.opuzen.hr\/grad\/gradska-knjiznica-opuzen-zapocela-je-s-odrzavanjem-microbit-radionica\/","name":"Gradska knji\u017enica Opuzen zapo\u010dela je s odr\u017eavanjem micro:bit radionica! - Grad Opuzen","isPartOf":{"@id":"https:\/\/www.opuzen.hr\/grad\/#website"},"primaryImageOfPage":{"@id":"https:\/\/www.opuzen.hr\/grad\/gradska-knjiznica-opuzen-zapocela-je-s-odrzavanjem-microbit-radionica\/#primaryimage"},"image":{"@id":"https:\/\/www.opuzen.hr\/grad\/gradska-knjiznica-opuzen-zapocela-je-s-odrzavanjem-microbit-radionica\/#primaryimage"},"thumbnailUrl":"https:\/\/www.opuzen.hr\/grad\/wp-content\/uploads\/2020\/08\/microbit.jpg","datePublished":"2020-08-07T12:48:28+00:00","dateModified":"2023-10-12T11:27:59+00:00","breadcrumb":{"@id":"https:\/\/www.opuzen.hr\/grad\/gradska-knjiznica-opuzen-zapocela-je-s-odrzavanjem-microbit-radionica\/#breadcrumb"},"inLanguage":"hr","potentialAction":[{"@type":"ReadAction","target":["https:\/\/www.opuzen.hr\/grad\/gradska-knjiznica-opuzen-zapocela-je-s-odrzavanjem-microbit-radionica\/"]}]},{"@type":"ImageObject","inLanguage":"hr","@id":"https:\/\/www.opuzen.hr\/grad\/gradska-knjiznica-opuzen-zapocela-je-s-odrzavanjem-microbit-radionica\/#primaryimage","url":"https:\/\/www.opuzen.hr\/grad\/wp-content\/uploads\/2020\/08\/microbit.jpg","contentUrl":"https:\/\/www.opuzen.hr\/grad\/wp-content\/uploads\/2020\/08\/microbit.jpg","width":1242,"height":818},{"@type":"BreadcrumbList","@id":"https:\/\/www.opuzen.hr\/grad\/gradska-knjiznica-opuzen-zapocela-je-s-odrzavanjem-microbit-radionica\/#breadcrumb","itemListElement":[{"@type":"ListItem","position":1,"name":"Po\u010detna stranica","item":"https:\/\/www.opuzen.hr\/grad\/"},{"@type":"ListItem","position":2,"name":"Gradska knji\u017enica Opuzen zapo\u010dela je s odr\u017eavanjem micro:bit radionica!"}]},{"@type":"WebSite","@id":"https:\/\/www.opuzen.hr\/grad\/#website","url":"https:\/\/www.opuzen.hr\/grad\/","name":"Grad Opuzen","description":"Slu\u017ebene mre\u017ene stranice Grada Opuzena","publisher":{"@id":"https:\/\/www.opuzen.hr\/grad\/#organization"},"potentialAction":[{"@type":"SearchAction","target":{"@type":"EntryPoint","urlTemplate":"https:\/\/www.opuzen.hr\/grad\/?s={search_term_string}"},"query-input":"required name=search_term_string"}],"inLanguage":"hr"},{"@type":"Organization","@id":"https:\/\/www.opuzen.hr\/grad\/#organization","name":"Grad Opuzen","url":"https:\/\/www.opuzen.hr\/grad\/","logo":{"@type":"ImageObject","inLanguage":"hr","@id":"https:\/\/www.opuzen.hr\/grad\/#\/schema\/logo\/image\/","url":"https:\/\/www.opuzen.hr\/grad\/wp-content\/uploads\/2018\/02\/logo-opuzen.jpg","contentUrl":"https:\/\/www.opuzen.hr\/grad\/wp-content\/uploads\/2018\/02\/logo-opuzen.jpg","width":400,"height":400,"caption":"Grad Opuzen"},"image":{"@id":"https:\/\/www.opuzen.hr\/grad\/#\/schema\/logo\/image\/"}},{"@type":"Person","@id":"https:\/\/www.opuzen.hr\/grad\/#\/schema\/person\/0a17a9796898e9409a1fa4ca7448a481","name":"Grad Opuzen","image":{"@type":"ImageObject","inLanguage":"hr","@id":"https:\/\/www.opuzen.hr\/grad\/#\/schema\/person\/image\/","url":"https:\/\/secure.gravatar.com\/avatar\/0c54089de4fcf14c0fe3355109a3ac05?s=96&d=mm&r=g","contentUrl":"https:\/\/secure.gravatar.com\/avatar\/0c54089de4fcf14c0fe3355109a3ac05?s=96&d=mm&r=g","caption":"Grad Opuzen"},"url":"https:\/\/www.opuzen.hr\/grad\/author\/admin\/"}]}},"_links":{"self":[{"href":"https:\/\/www.opuzen.hr\/grad\/wp-json\/wp\/v2\/posts\/6951"}],"collection":[{"href":"https:\/\/www.opuzen.hr\/grad\/wp-json\/wp\/v2\/posts"}],"about":[{"href":"https:\/\/www.opuzen.hr\/grad\/wp-json\/wp\/v2\/types\/post"}],"author":[{"embeddable":true,"href":"https:\/\/www.opuzen.hr\/grad\/wp-json\/wp\/v2\/users\/3"}],"replies":[{"embeddable":true,"href":"https:\/\/www.opuzen.hr\/grad\/wp-json\/wp\/v2\/comments?post=6951"}],"version-history":[{"count":1,"href":"https:\/\/www.opuzen.hr\/grad\/wp-json\/wp\/v2\/posts\/6951\/revisions"}],"predecessor-version":[{"id":6953,"href":"https:\/\/www.opuzen.hr\/grad\/wp-json\/wp\/v2\/posts\/6951\/revisions\/6953"}],"wp:featuredmedia":[{"embeddable":true,"href":"https:\/\/www.opuzen.hr\/grad\/wp-json\/wp\/v2\/media\/6952"}],"wp:attachment":[{"href":"https:\/\/www.opuzen.hr\/grad\/wp-json\/wp\/v2\/media?parent=6951"}],"wp:term":[{"taxonomy":"category","embeddable":true,"href":"https:\/\/www.opuzen.hr\/grad\/wp-json\/wp\/v2\/categories?post=6951"},{"taxonomy":"post_tag","embeddable":true,"href":"https:\/\/www.opuzen.hr\/grad\/wp-json\/wp\/v2\/tags?post=6951"}],"curies":[{"name":"wp","href":"https:\/\/api.w.org\/{rel}","templated":true}]}}