{"id":7178,"date":"2020-08-17T16:11:15","date_gmt":"2020-08-17T14:11:15","guid":{"rendered":"https:\/\/www.opuzen.hr\/grad\/?p=7178"},"modified":"2023-10-12T13:27:58","modified_gmt":"2023-10-12T11:27:58","slug":"svecano-potpisani-ugovori-vezano-za-projekt-izgradnje-sustava-aglomeracije-opuzen-dio-uz-kanal-mala-neretva","status":"publish","type":"post","link":"https:\/\/www.opuzen.hr\/grad\/svecano-potpisani-ugovori-vezano-za-projekt-izgradnje-sustava-aglomeracije-opuzen-dio-uz-kanal-mala-neretva\/","title":{"rendered":"Sve\u010dano potpisani Ugovori vezano za projekt izgradnje sustava aglomeracije Opuzen &#8211; dio uz kanal Mala Neretva"},"content":{"rendered":"\t\t<div data-elementor-type=\"wp-post\" data-elementor-id=\"7178\" class=\"elementor elementor-7178\">\n\t\t\t\t\t\t<section class=\"has_eae_slider elementor-section elementor-top-section elementor-element elementor-element-44bb12b8 elementor-section-boxed elementor-section-height-default elementor-section-height-default\" data-id=\"44bb12b8\" data-element_type=\"section\">\n\t\t\t\t\t\t<div class=\"elementor-container elementor-column-gap-default\">\n\t\t\t\t\t<div class=\"has_eae_slider elementor-column elementor-col-100 elementor-top-column elementor-element elementor-element-4899618c\" data-id=\"4899618c\" data-element_type=\"column\">\n\t\t\t<div class=\"elementor-widget-wrap elementor-element-populated\">\n\t\t\t\t\t\t<div class=\"elementor-element elementor-element-a151c96 elementor-widget elementor-widget-image\" data-id=\"a151c96\" data-element_type=\"widget\" data-widget_type=\"image.default\">\n\t\t\t\t<div class=\"elementor-widget-container\">\n\t\t\t\t\t\t\t\t\t\t\t\t\t<img fetchpriority=\"high\" decoding=\"async\" width=\"1024\" height=\"682\" src=\"https:\/\/www.opuzen.hr\/grad\/wp-content\/uploads\/2020\/08\/IMG_5621.jpg\" class=\"attachment-large size-large wp-image-7184\" alt=\"\" srcset=\"https:\/\/www.opuzen.hr\/grad\/wp-content\/uploads\/2020\/08\/IMG_5621.jpg 1024w, https:\/\/www.opuzen.hr\/grad\/wp-content\/uploads\/2020\/08\/IMG_5621-300x200.jpg 300w, https:\/\/www.opuzen.hr\/grad\/wp-content\/uploads\/2020\/08\/IMG_5621-768x512.jpg 768w, https:\/\/www.opuzen.hr\/grad\/wp-content\/uploads\/2020\/08\/IMG_5621-600x400.jpg 600w, https:\/\/www.opuzen.hr\/grad\/wp-content\/uploads\/2020\/08\/IMG_5621-150x100.jpg 150w\" sizes=\"(max-width: 1024px) 100vw, 1024px\" \/>\t\t\t\t\t\t\t\t\t\t\t\t\t<\/div>\n\t\t\t\t<\/div>\n\t\t\t\t<div class=\"elementor-element elementor-element-70061ec1 elementor-widget elementor-widget-text-editor\" data-id=\"70061ec1\" data-element_type=\"widget\" data-widget_type=\"text-editor.default\">\n\t\t\t\t<div class=\"elementor-widget-container\">\n\t\t\t\t\t\t\t<p style=\"text-align: justify;\">17. kolovoza 2020. u gradskoj vije\u0107nici Grada Opuzena uprili\u010deno je sve\u010dano potpisivanje dva iznimno zna\u010dajna ugovora za dolinu Neretve, a vezano za projekt izgradnje sustava aglomeracije Opuzen &#8211; dio uz kanal Mala Neretva, u kojem je glavni investitor Odvodnja Opuzen d.o.o. Cjelokupan projekt financiraju Hrvatske vode u iznosu od 90% vrijednosti investicije dok ostalih 10% financiraju Grad Opuzen i Op\u0107ina Slivno.<\/p>\r\n<p style=\"text-align: justify;\">Potpisan je Ugovor o uslugama Nadzora nad projektom \u201eSUSTAVA ODVODNJE AGLOMERACIJE OPUZEN &#8211; DIO UZ KANAL MALA NERETVA\u201c, a prema provedenom postupku javne nabave (evidencijski broj nabave: EMV 01\/2020 ), u kojem je kao ekonomski najpovoljnija ponuda izabrana ona od SEDRA COSULTING d.o.o. iz Zagreba (ugovorena vrijednost usluge je 822.618,00 bez PDV-a) te Ugovor o radovima \u201eIZGRADNJA SUSTAVA ODVODNJE AGLOMERACIJE OPUZEN &#8211; DIO UZ KANAL MALA NERETVA \u201c. U postupku javne nabave velike vrijednosti, odabrana je ponuda NERETVANSKOG SLIVA d.o.o. iz Opuzena (evidencijski broj nabave: EVV 1\/2020). Ugovorena vrijednost radova je 40.463.902,25 HRK bez PDV-a. Radovi se sastoje od izrade dijela kanalizacijskog sustav odvodnje otpadnih voda uz Malu Neretvu i vodotok Crepinu, u ulici bana Josipa Jela\u010di\u0107a, Zrinsko-frankopanskoj ulici, i ulici Strimen te naselju Podgradina i Vlaka, spoja na ve\u0107e izgra\u0111eni kanalizacijski sustav kod raskri\u017eja za poslovnu zonu u Opuzenu, izgradnje vodoopskrbne mre\u017ea, prespajanja postoje\u0107ih vodovodnih priklju\u010daka na mre\u017eu, te izgradnje 6 novih crpnih stanica kapaciteta do 15 l\/s i man. visine dizanja do 15,5 m., te uklanjanje skrivenih nedostatka u jamstvenom roku. Predvi\u0111eni rok zavr\u0161etka izgradnje sustava od dana po\u010detka radova je 24 mjeseca.<\/p>\t\t\t\t\t\t<\/div>\n\t\t\t\t<\/div>\n\t\t\t\t<div class=\"elementor-element elementor-element-2309a5f elementor-widget elementor-widget-image-gallery\" data-id=\"2309a5f\" data-element_type=\"widget\" data-widget_type=\"image-gallery.default\">\n\t\t\t\t<div class=\"elementor-widget-container\">\n\t\t\t\t\t<div class=\"elementor-image-gallery\">\n\t\t\t<div id='gallery-1' class='gallery galleryid-7178 gallery-columns-4 gallery-size-citygov_small'><figure class='gallery-item'>\n\t\t\t<div class='gallery-icon landscape'>\n\t\t\t\t<a data-elementor-open-lightbox=\"yes\" data-elementor-lightbox-slideshow=\"2309a5f\" data-elementor-lightbox-title=\"IMG_5626\" data-e-action-hash=\"#elementor-action%3Aaction%3Dlightbox%26settings%3DeyJpZCI6NzE4NiwidXJsIjoiaHR0cHM6XC9cL3d3dy5vcHV6ZW4uaHJcL2dyYWRcL3dwLWNvbnRlbnRcL3VwbG9hZHNcLzIwMjBcLzA4XC9JTUdfNTYyNi5qcGciLCJzbGlkZXNob3ciOiIyMzA5YTVmIn0%3D\" href='https:\/\/www.opuzen.hr\/grad\/wp-content\/uploads\/2020\/08\/IMG_5626.jpg'><img decoding=\"async\" width=\"350\" height=\"250\" src=\"https:\/\/www.opuzen.hr\/grad\/wp-content\/uploads\/2020\/08\/IMG_5626-350x250.jpg\" class=\"attachment-citygov_small size-citygov_small\" alt=\"\" \/><\/a>\n\t\t\t<\/div><\/figure><figure class='gallery-item'>\n\t\t\t<div class='gallery-icon landscape'>\n\t\t\t\t<a data-elementor-open-lightbox=\"yes\" data-elementor-lightbox-slideshow=\"2309a5f\" data-elementor-lightbox-title=\"IMG_5623\" data-e-action-hash=\"#elementor-action%3Aaction%3Dlightbox%26settings%3DeyJpZCI6NzE4NSwidXJsIjoiaHR0cHM6XC9cL3d3dy5vcHV6ZW4uaHJcL2dyYWRcL3dwLWNvbnRlbnRcL3VwbG9hZHNcLzIwMjBcLzA4XC9JTUdfNTYyMy5qcGciLCJzbGlkZXNob3ciOiIyMzA5YTVmIn0%3D\" href='https:\/\/www.opuzen.hr\/grad\/wp-content\/uploads\/2020\/08\/IMG_5623.jpg'><img decoding=\"async\" width=\"350\" height=\"250\" src=\"https:\/\/www.opuzen.hr\/grad\/wp-content\/uploads\/2020\/08\/IMG_5623-350x250.jpg\" class=\"attachment-citygov_small size-citygov_small\" alt=\"\" \/><\/a>\n\t\t\t<\/div><\/figure><figure class='gallery-item'>\n\t\t\t<div class='gallery-icon landscape'>\n\t\t\t\t<a data-elementor-open-lightbox=\"yes\" data-elementor-lightbox-slideshow=\"2309a5f\" data-elementor-lightbox-title=\"IMG_5621\" data-e-action-hash=\"#elementor-action%3Aaction%3Dlightbox%26settings%3DeyJpZCI6NzE4NCwidXJsIjoiaHR0cHM6XC9cL3d3dy5vcHV6ZW4uaHJcL2dyYWRcL3dwLWNvbnRlbnRcL3VwbG9hZHNcLzIwMjBcLzA4XC9JTUdfNTYyMS5qcGciLCJzbGlkZXNob3ciOiIyMzA5YTVmIn0%3D\" href='https:\/\/www.opuzen.hr\/grad\/wp-content\/uploads\/2020\/08\/IMG_5621.jpg'><img loading=\"lazy\" decoding=\"async\" width=\"350\" height=\"250\" src=\"https:\/\/www.opuzen.hr\/grad\/wp-content\/uploads\/2020\/08\/IMG_5621-350x250.jpg\" class=\"attachment-citygov_small size-citygov_small\" alt=\"\" \/><\/a>\n\t\t\t<\/div><\/figure><figure class='gallery-item'>\n\t\t\t<div class='gallery-icon landscape'>\n\t\t\t\t<a data-elementor-open-lightbox=\"yes\" data-elementor-lightbox-slideshow=\"2309a5f\" data-elementor-lightbox-title=\"IMG_5618\" data-e-action-hash=\"#elementor-action%3Aaction%3Dlightbox%26settings%3DeyJpZCI6NzE4MywidXJsIjoiaHR0cHM6XC9cL3d3dy5vcHV6ZW4uaHJcL2dyYWRcL3dwLWNvbnRlbnRcL3VwbG9hZHNcLzIwMjBcLzA4XC9JTUdfNTYxOC5qcGciLCJzbGlkZXNob3ciOiIyMzA5YTVmIn0%3D\" href='https:\/\/www.opuzen.hr\/grad\/wp-content\/uploads\/2020\/08\/IMG_5618.jpg'><img loading=\"lazy\" decoding=\"async\" width=\"350\" height=\"250\" src=\"https:\/\/www.opuzen.hr\/grad\/wp-content\/uploads\/2020\/08\/IMG_5618-350x250.jpg\" class=\"attachment-citygov_small size-citygov_small\" alt=\"\" \/><\/a>\n\t\t\t<\/div><\/figure><figure class='gallery-item'>\n\t\t\t<div class='gallery-icon landscape'>\n\t\t\t\t<a data-elementor-open-lightbox=\"yes\" data-elementor-lightbox-slideshow=\"2309a5f\" data-elementor-lightbox-title=\"IMG_5614\" data-e-action-hash=\"#elementor-action%3Aaction%3Dlightbox%26settings%3DeyJpZCI6NzE4MiwidXJsIjoiaHR0cHM6XC9cL3d3dy5vcHV6ZW4uaHJcL2dyYWRcL3dwLWNvbnRlbnRcL3VwbG9hZHNcLzIwMjBcLzA4XC9JTUdfNTYxNC5qcGciLCJzbGlkZXNob3ciOiIyMzA5YTVmIn0%3D\" href='https:\/\/www.opuzen.hr\/grad\/wp-content\/uploads\/2020\/08\/IMG_5614.jpg'><img loading=\"lazy\" decoding=\"async\" width=\"350\" height=\"250\" src=\"https:\/\/www.opuzen.hr\/grad\/wp-content\/uploads\/2020\/08\/IMG_5614-350x250.jpg\" class=\"attachment-citygov_small size-citygov_small\" alt=\"\" \/><\/a>\n\t\t\t<\/div><\/figure><figure class='gallery-item'>\n\t\t\t<div class='gallery-icon landscape'>\n\t\t\t\t<a data-elementor-open-lightbox=\"yes\" data-elementor-lightbox-slideshow=\"2309a5f\" data-elementor-lightbox-title=\"IMG_5611\" data-e-action-hash=\"#elementor-action%3Aaction%3Dlightbox%26settings%3DeyJpZCI6NzE4MSwidXJsIjoiaHR0cHM6XC9cL3d3dy5vcHV6ZW4uaHJcL2dyYWRcL3dwLWNvbnRlbnRcL3VwbG9hZHNcLzIwMjBcLzA4XC9JTUdfNTYxMS5qcGciLCJzbGlkZXNob3ciOiIyMzA5YTVmIn0%3D\" href='https:\/\/www.opuzen.hr\/grad\/wp-content\/uploads\/2020\/08\/IMG_5611.jpg'><img loading=\"lazy\" decoding=\"async\" width=\"350\" height=\"250\" src=\"https:\/\/www.opuzen.hr\/grad\/wp-content\/uploads\/2020\/08\/IMG_5611-350x250.jpg\" class=\"attachment-citygov_small size-citygov_small\" alt=\"\" \/><\/a>\n\t\t\t<\/div><\/figure><figure class='gallery-item'>\n\t\t\t<div class='gallery-icon landscape'>\n\t\t\t\t<a data-elementor-open-lightbox=\"yes\" data-elementor-lightbox-slideshow=\"2309a5f\" data-elementor-lightbox-title=\"IMG_5606\" data-e-action-hash=\"#elementor-action%3Aaction%3Dlightbox%26settings%3DeyJpZCI6NzE4MCwidXJsIjoiaHR0cHM6XC9cL3d3dy5vcHV6ZW4uaHJcL2dyYWRcL3dwLWNvbnRlbnRcL3VwbG9hZHNcLzIwMjBcLzA4XC9JTUdfNTYwNi5qcGciLCJzbGlkZXNob3ciOiIyMzA5YTVmIn0%3D\" href='https:\/\/www.opuzen.hr\/grad\/wp-content\/uploads\/2020\/08\/IMG_5606.jpg'><img loading=\"lazy\" decoding=\"async\" width=\"350\" height=\"250\" src=\"https:\/\/www.opuzen.hr\/grad\/wp-content\/uploads\/2020\/08\/IMG_5606-350x250.jpg\" class=\"attachment-citygov_small size-citygov_small\" alt=\"\" \/><\/a>\n\t\t\t<\/div><\/figure>\n\t\t<\/div>\n\t\t<\/div>\n\t\t\t\t<\/div>\n\t\t\t\t<\/div>\n\t\t\t\t\t<\/div>\n\t\t<\/div>\n\t\t\t\t\t<\/div>\n\t\t<\/section>\n\t\t\t\t<\/div>\n\t\t","protected":false},"excerpt":{"rendered":"<p>17. kolovoza 2020. u gradskoj vije\u0107nici Grada Opuzena uprili\u010deno je sve\u010dano potpisivanje dva iznimno zna\u010dajna&#8230;<\/p>\n","protected":false},"author":3,"featured_media":7184,"comment_status":"closed","ping_status":"closed","sticky":false,"template":"","format":"standard","meta":{"footnotes":""},"categories":[4],"tags":[373,371,374,372],"class_list":["post-7178","post","type-post","status-publish","format-standard","has-post-thumbnail","hentry","category-novosti","tag-aglomeracija","tag-mala-neretva","tag-sustav-aglomeracije","tag-svecano-potpisivanje-ugovora","wpcat-4-id"],"yoast_head":"<!-- This site is optimized with the Yoast SEO plugin v23.1 - https:\/\/yoast.com\/wordpress\/plugins\/seo\/ -->\n<title>Sve\u010dano potpisani Ugovori vezano za projekt izgradnje sustava aglomeracije Opuzen - dio uz kanal Mala Neretva - Grad Opuzen<\/title>\n<meta name=\"robots\" content=\"index, follow, max-snippet:-1, max-image-preview:large, max-video-preview:-1\" \/>\n<link rel=\"canonical\" href=\"https:\/\/www.opuzen.hr\/grad\/svecano-potpisani-ugovori-vezano-za-projekt-izgradnje-sustava-aglomeracije-opuzen-dio-uz-kanal-mala-neretva\/\" \/>\n<meta property=\"og:locale\" content=\"hr_HR\" \/>\n<meta property=\"og:type\" content=\"article\" \/>\n<meta property=\"og:title\" content=\"Sve\u010dano potpisani Ugovori vezano za projekt izgradnje sustava aglomeracije Opuzen - dio uz kanal Mala Neretva - Grad Opuzen\" \/>\n<meta property=\"og:description\" content=\"17. kolovoza 2020. u gradskoj vije\u0107nici Grada Opuzena uprili\u010deno je sve\u010dano potpisivanje dva iznimno zna\u010dajna...\" \/>\n<meta property=\"og:url\" content=\"https:\/\/www.opuzen.hr\/grad\/svecano-potpisani-ugovori-vezano-za-projekt-izgradnje-sustava-aglomeracije-opuzen-dio-uz-kanal-mala-neretva\/\" \/>\n<meta property=\"og:site_name\" content=\"Grad Opuzen\" \/>\n<meta property=\"article:published_time\" content=\"2020-08-17T14:11:15+00:00\" \/>\n<meta property=\"article:modified_time\" content=\"2023-10-12T11:27:58+00:00\" \/>\n<meta property=\"og:image\" content=\"https:\/\/www.opuzen.hr\/grad\/wp-content\/uploads\/2020\/08\/IMG_5621.jpg\" \/>\n\t<meta property=\"og:image:width\" content=\"1024\" \/>\n\t<meta property=\"og:image:height\" content=\"682\" \/>\n\t<meta property=\"og:image:type\" content=\"image\/jpeg\" \/>\n<meta name=\"author\" content=\"Grad Opuzen\" \/>\n<meta name=\"twitter:card\" content=\"summary_large_image\" \/>\n<meta name=\"twitter:label1\" content=\"Napisao\/la\" \/>\n\t<meta name=\"twitter:data1\" content=\"Grad Opuzen\" \/>\n\t<meta name=\"twitter:label2\" content=\"Procijenjeno vrijeme \u010ditanja\" \/>\n\t<meta name=\"twitter:data2\" content=\"1 minuta\" \/>\n<script type=\"application\/ld+json\" class=\"yoast-schema-graph\">{\"@context\":\"https:\/\/schema.org\",\"@graph\":[{\"@type\":\"Article\",\"@id\":\"https:\/\/www.opuzen.hr\/grad\/svecano-potpisani-ugovori-vezano-za-projekt-izgradnje-sustava-aglomeracije-opuzen-dio-uz-kanal-mala-neretva\/#article\",\"isPartOf\":{\"@id\":\"https:\/\/www.opuzen.hr\/grad\/svecano-potpisani-ugovori-vezano-za-projekt-izgradnje-sustava-aglomeracije-opuzen-dio-uz-kanal-mala-neretva\/\"},\"author\":{\"name\":\"Grad Opuzen\",\"@id\":\"https:\/\/www.opuzen.hr\/grad\/#\/schema\/person\/0a17a9796898e9409a1fa4ca7448a481\"},\"headline\":\"Sve\u010dano potpisani Ugovori vezano za projekt izgradnje sustava aglomeracije Opuzen &#8211; dio uz kanal Mala Neretva\",\"datePublished\":\"2020-08-17T14:11:15+00:00\",\"dateModified\":\"2023-10-12T11:27:58+00:00\",\"mainEntityOfPage\":{\"@id\":\"https:\/\/www.opuzen.hr\/grad\/svecano-potpisani-ugovori-vezano-za-projekt-izgradnje-sustava-aglomeracije-opuzen-dio-uz-kanal-mala-neretva\/\"},\"wordCount\":275,\"publisher\":{\"@id\":\"https:\/\/www.opuzen.hr\/grad\/#organization\"},\"image\":{\"@id\":\"https:\/\/www.opuzen.hr\/grad\/svecano-potpisani-ugovori-vezano-za-projekt-izgradnje-sustava-aglomeracije-opuzen-dio-uz-kanal-mala-neretva\/#primaryimage\"},\"thumbnailUrl\":\"https:\/\/www.opuzen.hr\/grad\/wp-content\/uploads\/2020\/08\/IMG_5621.jpg\",\"keywords\":[\"aglomeracija\",\"mala Neretva\",\"sustav aglomeracije\",\"Sve\u010dano potpisivanje Ugovora\"],\"articleSection\":[\"Novosti\"],\"inLanguage\":\"hr\"},{\"@type\":\"WebPage\",\"@id\":\"https:\/\/www.opuzen.hr\/grad\/svecano-potpisani-ugovori-vezano-za-projekt-izgradnje-sustava-aglomeracije-opuzen-dio-uz-kanal-mala-neretva\/\",\"url\":\"https:\/\/www.opuzen.hr\/grad\/svecano-potpisani-ugovori-vezano-za-projekt-izgradnje-sustava-aglomeracije-opuzen-dio-uz-kanal-mala-neretva\/\",\"name\":\"Sve\u010dano potpisani Ugovori vezano za projekt izgradnje sustava aglomeracije Opuzen - dio uz kanal Mala Neretva - Grad Opuzen\",\"isPartOf\":{\"@id\":\"https:\/\/www.opuzen.hr\/grad\/#website\"},\"primaryImageOfPage\":{\"@id\":\"https:\/\/www.opuzen.hr\/grad\/svecano-potpisani-ugovori-vezano-za-projekt-izgradnje-sustava-aglomeracije-opuzen-dio-uz-kanal-mala-neretva\/#primaryimage\"},\"image\":{\"@id\":\"https:\/\/www.opuzen.hr\/grad\/svecano-potpisani-ugovori-vezano-za-projekt-izgradnje-sustava-aglomeracije-opuzen-dio-uz-kanal-mala-neretva\/#primaryimage\"},\"thumbnailUrl\":\"https:\/\/www.opuzen.hr\/grad\/wp-content\/uploads\/2020\/08\/IMG_5621.jpg\",\"datePublished\":\"2020-08-17T14:11:15+00:00\",\"dateModified\":\"2023-10-12T11:27:58+00:00\",\"breadcrumb\":{\"@id\":\"https:\/\/www.opuzen.hr\/grad\/svecano-potpisani-ugovori-vezano-za-projekt-izgradnje-sustava-aglomeracije-opuzen-dio-uz-kanal-mala-neretva\/#breadcrumb\"},\"inLanguage\":\"hr\",\"potentialAction\":[{\"@type\":\"ReadAction\",\"target\":[\"https:\/\/www.opuzen.hr\/grad\/svecano-potpisani-ugovori-vezano-za-projekt-izgradnje-sustava-aglomeracije-opuzen-dio-uz-kanal-mala-neretva\/\"]}]},{\"@type\":\"ImageObject\",\"inLanguage\":\"hr\",\"@id\":\"https:\/\/www.opuzen.hr\/grad\/svecano-potpisani-ugovori-vezano-za-projekt-izgradnje-sustava-aglomeracije-opuzen-dio-uz-kanal-mala-neretva\/#primaryimage\",\"url\":\"https:\/\/www.opuzen.hr\/grad\/wp-content\/uploads\/2020\/08\/IMG_5621.jpg\",\"contentUrl\":\"https:\/\/www.opuzen.hr\/grad\/wp-content\/uploads\/2020\/08\/IMG_5621.jpg\",\"width\":1024,\"height\":682},{\"@type\":\"BreadcrumbList\",\"@id\":\"https:\/\/www.opuzen.hr\/grad\/svecano-potpisani-ugovori-vezano-za-projekt-izgradnje-sustava-aglomeracije-opuzen-dio-uz-kanal-mala-neretva\/#breadcrumb\",\"itemListElement\":[{\"@type\":\"ListItem\",\"position\":1,\"name\":\"Po\u010detna stranica\",\"item\":\"https:\/\/www.opuzen.hr\/grad\/\"},{\"@type\":\"ListItem\",\"position\":2,\"name\":\"Sve\u010dano potpisani Ugovori vezano za projekt izgradnje sustava aglomeracije Opuzen &#8211; dio uz kanal Mala Neretva\"}]},{\"@type\":\"WebSite\",\"@id\":\"https:\/\/www.opuzen.hr\/grad\/#website\",\"url\":\"https:\/\/www.opuzen.hr\/grad\/\",\"name\":\"Grad Opuzen\",\"description\":\"Slu\u017ebene mre\u017ene stranice Grada Opuzena\",\"publisher\":{\"@id\":\"https:\/\/www.opuzen.hr\/grad\/#organization\"},\"potentialAction\":[{\"@type\":\"SearchAction\",\"target\":{\"@type\":\"EntryPoint\",\"urlTemplate\":\"https:\/\/www.opuzen.hr\/grad\/?s={search_term_string}\"},\"query-input\":\"required name=search_term_string\"}],\"inLanguage\":\"hr\"},{\"@type\":\"Organization\",\"@id\":\"https:\/\/www.opuzen.hr\/grad\/#organization\",\"name\":\"Grad Opuzen\",\"url\":\"https:\/\/www.opuzen.hr\/grad\/\",\"logo\":{\"@type\":\"ImageObject\",\"inLanguage\":\"hr\",\"@id\":\"https:\/\/www.opuzen.hr\/grad\/#\/schema\/logo\/image\/\",\"url\":\"https:\/\/www.opuzen.hr\/grad\/wp-content\/uploads\/2018\/02\/logo-opuzen.jpg\",\"contentUrl\":\"https:\/\/www.opuzen.hr\/grad\/wp-content\/uploads\/2018\/02\/logo-opuzen.jpg\",\"width\":400,\"height\":400,\"caption\":\"Grad Opuzen\"},\"image\":{\"@id\":\"https:\/\/www.opuzen.hr\/grad\/#\/schema\/logo\/image\/\"}},{\"@type\":\"Person\",\"@id\":\"https:\/\/www.opuzen.hr\/grad\/#\/schema\/person\/0a17a9796898e9409a1fa4ca7448a481\",\"name\":\"Grad Opuzen\",\"image\":{\"@type\":\"ImageObject\",\"inLanguage\":\"hr\",\"@id\":\"https:\/\/www.opuzen.hr\/grad\/#\/schema\/person\/image\/\",\"url\":\"https:\/\/secure.gravatar.com\/avatar\/0c54089de4fcf14c0fe3355109a3ac05?s=96&d=mm&r=g\",\"contentUrl\":\"https:\/\/secure.gravatar.com\/avatar\/0c54089de4fcf14c0fe3355109a3ac05?s=96&d=mm&r=g\",\"caption\":\"Grad Opuzen\"},\"url\":\"https:\/\/www.opuzen.hr\/grad\/author\/admin\/\"}]}<\/script>\n<!-- \/ Yoast SEO plugin. -->","yoast_head_json":{"title":"Sve\u010dano potpisani Ugovori vezano za projekt izgradnje sustava aglomeracije Opuzen - dio uz kanal Mala Neretva - Grad Opuzen","robots":{"index":"index","follow":"follow","max-snippet":"max-snippet:-1","max-image-preview":"max-image-preview:large","max-video-preview":"max-video-preview:-1"},"canonical":"https:\/\/www.opuzen.hr\/grad\/svecano-potpisani-ugovori-vezano-za-projekt-izgradnje-sustava-aglomeracije-opuzen-dio-uz-kanal-mala-neretva\/","og_locale":"hr_HR","og_type":"article","og_title":"Sve\u010dano potpisani Ugovori vezano za projekt izgradnje sustava aglomeracije Opuzen - dio uz kanal Mala Neretva - Grad Opuzen","og_description":"17. kolovoza 2020. u gradskoj vije\u0107nici Grada Opuzena uprili\u010deno je sve\u010dano potpisivanje dva iznimno zna\u010dajna...","og_url":"https:\/\/www.opuzen.hr\/grad\/svecano-potpisani-ugovori-vezano-za-projekt-izgradnje-sustava-aglomeracije-opuzen-dio-uz-kanal-mala-neretva\/","og_site_name":"Grad Opuzen","article_published_time":"2020-08-17T14:11:15+00:00","article_modified_time":"2023-10-12T11:27:58+00:00","og_image":[{"width":1024,"height":682,"url":"https:\/\/www.opuzen.hr\/grad\/wp-content\/uploads\/2020\/08\/IMG_5621.jpg","type":"image\/jpeg"}],"author":"Grad Opuzen","twitter_card":"summary_large_image","twitter_misc":{"Napisao\/la":"Grad Opuzen","Procijenjeno vrijeme \u010ditanja":"1 minuta"},"schema":{"@context":"https:\/\/schema.org","@graph":[{"@type":"Article","@id":"https:\/\/www.opuzen.hr\/grad\/svecano-potpisani-ugovori-vezano-za-projekt-izgradnje-sustava-aglomeracije-opuzen-dio-uz-kanal-mala-neretva\/#article","isPartOf":{"@id":"https:\/\/www.opuzen.hr\/grad\/svecano-potpisani-ugovori-vezano-za-projekt-izgradnje-sustava-aglomeracije-opuzen-dio-uz-kanal-mala-neretva\/"},"author":{"name":"Grad Opuzen","@id":"https:\/\/www.opuzen.hr\/grad\/#\/schema\/person\/0a17a9796898e9409a1fa4ca7448a481"},"headline":"Sve\u010dano potpisani Ugovori vezano za projekt izgradnje sustava aglomeracije Opuzen &#8211; dio uz kanal Mala Neretva","datePublished":"2020-08-17T14:11:15+00:00","dateModified":"2023-10-12T11:27:58+00:00","mainEntityOfPage":{"@id":"https:\/\/www.opuzen.hr\/grad\/svecano-potpisani-ugovori-vezano-za-projekt-izgradnje-sustava-aglomeracije-opuzen-dio-uz-kanal-mala-neretva\/"},"wordCount":275,"publisher":{"@id":"https:\/\/www.opuzen.hr\/grad\/#organization"},"image":{"@id":"https:\/\/www.opuzen.hr\/grad\/svecano-potpisani-ugovori-vezano-za-projekt-izgradnje-sustava-aglomeracije-opuzen-dio-uz-kanal-mala-neretva\/#primaryimage"},"thumbnailUrl":"https:\/\/www.opuzen.hr\/grad\/wp-content\/uploads\/2020\/08\/IMG_5621.jpg","keywords":["aglomeracija","mala Neretva","sustav aglomeracije","Sve\u010dano potpisivanje Ugovora"],"articleSection":["Novosti"],"inLanguage":"hr"},{"@type":"WebPage","@id":"https:\/\/www.opuzen.hr\/grad\/svecano-potpisani-ugovori-vezano-za-projekt-izgradnje-sustava-aglomeracije-opuzen-dio-uz-kanal-mala-neretva\/","url":"https:\/\/www.opuzen.hr\/grad\/svecano-potpisani-ugovori-vezano-za-projekt-izgradnje-sustava-aglomeracije-opuzen-dio-uz-kanal-mala-neretva\/","name":"Sve\u010dano potpisani Ugovori vezano za projekt izgradnje sustava aglomeracije Opuzen - dio uz kanal Mala Neretva - Grad Opuzen","isPartOf":{"@id":"https:\/\/www.opuzen.hr\/grad\/#website"},"primaryImageOfPage":{"@id":"https:\/\/www.opuzen.hr\/grad\/svecano-potpisani-ugovori-vezano-za-projekt-izgradnje-sustava-aglomeracije-opuzen-dio-uz-kanal-mala-neretva\/#primaryimage"},"image":{"@id":"https:\/\/www.opuzen.hr\/grad\/svecano-potpisani-ugovori-vezano-za-projekt-izgradnje-sustava-aglomeracije-opuzen-dio-uz-kanal-mala-neretva\/#primaryimage"},"thumbnailUrl":"https:\/\/www.opuzen.hr\/grad\/wp-content\/uploads\/2020\/08\/IMG_5621.jpg","datePublished":"2020-08-17T14:11:15+00:00","dateModified":"2023-10-12T11:27:58+00:00","breadcrumb":{"@id":"https:\/\/www.opuzen.hr\/grad\/svecano-potpisani-ugovori-vezano-za-projekt-izgradnje-sustava-aglomeracije-opuzen-dio-uz-kanal-mala-neretva\/#breadcrumb"},"inLanguage":"hr","potentialAction":[{"@type":"ReadAction","target":["https:\/\/www.opuzen.hr\/grad\/svecano-potpisani-ugovori-vezano-za-projekt-izgradnje-sustava-aglomeracije-opuzen-dio-uz-kanal-mala-neretva\/"]}]},{"@type":"ImageObject","inLanguage":"hr","@id":"https:\/\/www.opuzen.hr\/grad\/svecano-potpisani-ugovori-vezano-za-projekt-izgradnje-sustava-aglomeracije-opuzen-dio-uz-kanal-mala-neretva\/#primaryimage","url":"https:\/\/www.opuzen.hr\/grad\/wp-content\/uploads\/2020\/08\/IMG_5621.jpg","contentUrl":"https:\/\/www.opuzen.hr\/grad\/wp-content\/uploads\/2020\/08\/IMG_5621.jpg","width":1024,"height":682},{"@type":"BreadcrumbList","@id":"https:\/\/www.opuzen.hr\/grad\/svecano-potpisani-ugovori-vezano-za-projekt-izgradnje-sustava-aglomeracije-opuzen-dio-uz-kanal-mala-neretva\/#breadcrumb","itemListElement":[{"@type":"ListItem","position":1,"name":"Po\u010detna stranica","item":"https:\/\/www.opuzen.hr\/grad\/"},{"@type":"ListItem","position":2,"name":"Sve\u010dano potpisani Ugovori vezano za projekt izgradnje sustava aglomeracije Opuzen &#8211; dio uz kanal Mala Neretva"}]},{"@type":"WebSite","@id":"https:\/\/www.opuzen.hr\/grad\/#website","url":"https:\/\/www.opuzen.hr\/grad\/","name":"Grad Opuzen","description":"Slu\u017ebene mre\u017ene stranice Grada Opuzena","publisher":{"@id":"https:\/\/www.opuzen.hr\/grad\/#organization"},"potentialAction":[{"@type":"SearchAction","target":{"@type":"EntryPoint","urlTemplate":"https:\/\/www.opuzen.hr\/grad\/?s={search_term_string}"},"query-input":"required name=search_term_string"}],"inLanguage":"hr"},{"@type":"Organization","@id":"https:\/\/www.opuzen.hr\/grad\/#organization","name":"Grad Opuzen","url":"https:\/\/www.opuzen.hr\/grad\/","logo":{"@type":"ImageObject","inLanguage":"hr","@id":"https:\/\/www.opuzen.hr\/grad\/#\/schema\/logo\/image\/","url":"https:\/\/www.opuzen.hr\/grad\/wp-content\/uploads\/2018\/02\/logo-opuzen.jpg","contentUrl":"https:\/\/www.opuzen.hr\/grad\/wp-content\/uploads\/2018\/02\/logo-opuzen.jpg","width":400,"height":400,"caption":"Grad Opuzen"},"image":{"@id":"https:\/\/www.opuzen.hr\/grad\/#\/schema\/logo\/image\/"}},{"@type":"Person","@id":"https:\/\/www.opuzen.hr\/grad\/#\/schema\/person\/0a17a9796898e9409a1fa4ca7448a481","name":"Grad Opuzen","image":{"@type":"ImageObject","inLanguage":"hr","@id":"https:\/\/www.opuzen.hr\/grad\/#\/schema\/person\/image\/","url":"https:\/\/secure.gravatar.com\/avatar\/0c54089de4fcf14c0fe3355109a3ac05?s=96&d=mm&r=g","contentUrl":"https:\/\/secure.gravatar.com\/avatar\/0c54089de4fcf14c0fe3355109a3ac05?s=96&d=mm&r=g","caption":"Grad Opuzen"},"url":"https:\/\/www.opuzen.hr\/grad\/author\/admin\/"}]}},"_links":{"self":[{"href":"https:\/\/www.opuzen.hr\/grad\/wp-json\/wp\/v2\/posts\/7178"}],"collection":[{"href":"https:\/\/www.opuzen.hr\/grad\/wp-json\/wp\/v2\/posts"}],"about":[{"href":"https:\/\/www.opuzen.hr\/grad\/wp-json\/wp\/v2\/types\/post"}],"author":[{"embeddable":true,"href":"https:\/\/www.opuzen.hr\/grad\/wp-json\/wp\/v2\/users\/3"}],"replies":[{"embeddable":true,"href":"https:\/\/www.opuzen.hr\/grad\/wp-json\/wp\/v2\/comments?post=7178"}],"version-history":[{"count":4,"href":"https:\/\/www.opuzen.hr\/grad\/wp-json\/wp\/v2\/posts\/7178\/revisions"}],"predecessor-version":[{"id":7189,"href":"https:\/\/www.opuzen.hr\/grad\/wp-json\/wp\/v2\/posts\/7178\/revisions\/7189"}],"wp:featuredmedia":[{"embeddable":true,"href":"https:\/\/www.opuzen.hr\/grad\/wp-json\/wp\/v2\/media\/7184"}],"wp:attachment":[{"href":"https:\/\/www.opuzen.hr\/grad\/wp-json\/wp\/v2\/media?parent=7178"}],"wp:term":[{"taxonomy":"category","embeddable":true,"href":"https:\/\/www.opuzen.hr\/grad\/wp-json\/wp\/v2\/categories?post=7178"},{"taxonomy":"post_tag","embeddable":true,"href":"https:\/\/www.opuzen.hr\/grad\/wp-json\/wp\/v2\/tags?post=7178"}],"curies":[{"name":"wp","href":"https:\/\/api.w.org\/{rel}","templated":true}]}}