{"id":7270,"date":"2020-10-13T14:37:25","date_gmt":"2020-10-13T12:37:25","guid":{"rendered":"https:\/\/www.opuzen.hr\/grad\/?p=7270"},"modified":"2023-10-12T13:27:47","modified_gmt":"2023-10-12T11:27:47","slug":"poziv-za-predlaganje-programa-javnih-potreba-u-podrucjima-kulture-sporta-i-udruga-gradana-grada-opuzena-za-2021-godinu","status":"publish","type":"post","link":"https:\/\/www.opuzen.hr\/grad\/poziv-za-predlaganje-programa-javnih-potreba-u-podrucjima-kulture-sporta-i-udruga-gradana-grada-opuzena-za-2021-godinu\/","title":{"rendered":"Poziv za predlaganje Programa javnih potreba u podru\u010djima: kulture, sporta i udruga gra\u0111ana grada Opuzena za 2021. godinu"},"content":{"rendered":"<p>Grad Opuzen, Jedinstveni upravni odjel, na temelju \u010dlanka 1. i 9a. Zakona o financiranju javnih potreba u kulturi (\u201cNarodne novine\u201d, broj: 47\/90, 27\/93 i 38\/09), Zakona o sportu (\u201cNarodne novine\u201d broj: 71\/06, 150\/08, 124\/10, 124\/11, 86\/12, 94\/13, 85\/15, 19\/16 98\/19, 47\/20 i 77\/20) i \u010dlanka 32. i 33. Zakona o udrugama (\u201cNarodne novine\u201d, broj: 74\/14, 70\/17 i 98\/19) objavljuje<\/p>\n<p style=\"text-align: center;\"><strong>P O Z I V<\/strong><\/p>\n<p style=\"text-align: center;\">za predlaganje Programa javnih potreba u podru\u010djima:<br \/>\nkulture, sporta i udruga gra\u0111ana<br \/>\ngrada Opuzena za 2021. godinu<\/p>\n<p style=\"text-align: center;\">I.<\/p>\n<p>Javne potrebe u podru\u010dju kulture, sporta i udruga gra\u0111ana (u daljnjem tekstu: javne potrebe), za koje se sredstva osiguravaju, prema financijskim mogu\u0107nostima, iz Prora\u010duna Grada Opuzana jesu djelatnosti i poslovi, akcije i manifestacije od interesa za Grad Opuzen koje se Programom utvrde kao javne potrebe.<\/p>\n<p>U Program javnih potreba Grada Opuzena za 2021. godinu u skladu sa Zakonom uvrstit \u0107e se:<\/p>\n<ul>\n<li><strong>u podru\u010dju kulture &#8211;<\/strong> udruge u kulturi i druge organizacije u kulturi koje su od interesa za grad Opuzen kao i onih utvr\u0111enih zakonom; program filmske djelatnosti, prezentacije filmske i videoprodukcije; odr\u017eavanje izlo\u017ebi, izdavanje likovnih monografija, akcije i manifestacije likovne i muzejsko &#8211; galerijske djelatnosti i poticanje likovnog stvarala\u0161tva; akcije i manifestacije u podru\u010dju kazali\u0161ne i glazbeno-scenske djelatnosti te programi kazali\u0161ta prema Zakonu o kazali\u0161tima; programi unapre\u0111enja i muzejsko-galerijske djelatnosti; programi me\u0111unarodne kulturne suradnje; multimedijski projekti koji promoviraju i prezentiraju grad Opuzen u zemlji i inozemstvu; programi poticanja i razvitka kulturno-umjetni\u010dkog amaterizma,<\/li>\n<li><strong>u podru\u010dju sporta &#8211;<\/strong> sufinanciranje Zakonom propisanih programskih djelatnosti udruga i zajednica u sportu na razini grada Opuzena,<\/li>\n<li><strong>u podru\u010dju udruga gra\u0111ana \u2013<\/strong> sufinanciranje programskih djelatnosti veteranskih udruga i udruga sudionika i stradalnika Domovinskog rata, programi udruga koje skrbe o osobama s posebnim potrebama i humanitarno-karitativnih udruga, programi udruga mladih i udruga za djecu i mlade, programi udruga za promicanje i za\u0161titu ljudskih prava, programi strukovnih udruga, te programi udruga za za\u0161titu i o\u010duvanje okoli\u0161a, \u010dovjekova zdravlja i prirodne ba\u0161tine.<\/li>\n<\/ul>\n<div class=\"su-note\"  style=\"border-color:#00194c;border-radius:3px;-moz-border-radius:3px;-webkit-border-radius:3px;\"><div class=\"su-note-inner su-u-clearfix su-u-trim\" style=\"background-color:#003366;border-color:#ccffff;color:#ffff;border-radius:3px;-moz-border-radius:3px;-webkit-border-radius:3px;\">Dokumentaciju mo\u017eete preuzeti putem priloga.<\/div><\/div>\n<!-- WP Attachments -->\r\n        <div style=\"width:100%;margin:10px 0 10px 0;\">\r\n            <h3>Prilozi sadr\u017eaju:<\/h3>\r\n        <ul class=\"post-attachments\"><li class=\"post-attachment mime-application-vnd-openxmlformats-officedocument-wordprocessingml-document\">                                \r\n<a target=\"_blank\" href=\"https:\/\/www.opuzen.hr\/grad\/poziv-za-predlaganje-programa-javnih-potreba-u-podrucjima-kulture-sporta-i-udruga-gradana-grada-opuzena-za-2021-godinu\/?download=7271\">Obrazac izjave o nepostojanju dvostrukog financiranja<\/a><div style=\"float:right;\">16 kB \/ Preuzeto: 380<\/div>\r\n<br><small><\/small><\/li><li class=\"post-attachment mime-application-vnd-openxmlformats-officedocument-wordprocessingml-document\">                                \r\n<a target=\"_blank\" href=\"https:\/\/www.opuzen.hr\/grad\/poziv-za-predlaganje-programa-javnih-potreba-u-podrucjima-kulture-sporta-i-udruga-gradana-grada-opuzena-za-2021-godinu\/?download=7272\">Poziv za predlaganje Programa javnih potreba 2021<\/a><div style=\"float:right;\">22 kB \/ Preuzeto: 449<\/div>\r\n<br><small><\/small><\/li><li class=\"post-attachment mime-application-vnd-openxmlformats-officedocument-wordprocessingml-document\">                                \r\n<a target=\"_blank\" href=\"https:\/\/www.opuzen.hr\/grad\/poziv-za-predlaganje-programa-javnih-potreba-u-podrucjima-kulture-sporta-i-udruga-gradana-grada-opuzena-za-2021-godinu\/?download=7273\">Prijavnica za Program JP Kultura i sport 2021<\/a><div style=\"float:right;\">28 kB \/ Preuzeto: 380<\/div>\r\n<br><small><\/small><\/li><li class=\"post-attachment mime-application-vnd-openxmlformats-officedocument-wordprocessingml-document\">                                \r\n<a target=\"_blank\" href=\"https:\/\/www.opuzen.hr\/grad\/poziv-za-predlaganje-programa-javnih-potreba-u-podrucjima-kulture-sporta-i-udruga-gradana-grada-opuzena-za-2021-godinu\/?download=7274\">Prijavnica za Program JP Udruge gradjana 2021<\/a><div style=\"float:right;\">25 kB \/ Preuzeto: 307<\/div>\r\n<br><small><\/small><\/li><\/ul><\/div>","protected":false},"excerpt":{"rendered":"<p>Grad Opuzen, Jedinstveni upravni odjel, na temelju \u010dlanka 1. i 9a. Zakona o financiranju javnih&#8230;<\/p>\n","protected":false},"author":3,"featured_media":1217,"comment_status":"closed","ping_status":"closed","sticky":false,"template":"","format":"standard","meta":{"footnotes":""},"categories":[4],"tags":[],"class_list":["post-7270","post","type-post","status-publish","format-standard","has-post-thumbnail","hentry","category-novosti","wpcat-4-id"],"yoast_head":"<!-- This site is optimized with the Yoast SEO plugin v23.1 - https:\/\/yoast.com\/wordpress\/plugins\/seo\/ -->\n<title>Poziv za predlaganje Programa javnih potreba u podru\u010djima: kulture, sporta i udruga gra\u0111ana grada Opuzena za 2021. godinu - Grad Opuzen<\/title>\n<meta name=\"robots\" content=\"index, follow, max-snippet:-1, max-image-preview:large, max-video-preview:-1\" \/>\n<link rel=\"canonical\" href=\"https:\/\/www.opuzen.hr\/grad\/poziv-za-predlaganje-programa-javnih-potreba-u-podrucjima-kulture-sporta-i-udruga-gradana-grada-opuzena-za-2021-godinu\/\" \/>\n<meta property=\"og:locale\" content=\"hr_HR\" \/>\n<meta property=\"og:type\" content=\"article\" \/>\n<meta property=\"og:title\" content=\"Poziv za predlaganje Programa javnih potreba u podru\u010djima: kulture, sporta i udruga gra\u0111ana grada Opuzena za 2021. godinu - Grad Opuzen\" \/>\n<meta property=\"og:description\" content=\"Grad Opuzen, Jedinstveni upravni odjel, na temelju \u010dlanka 1. i 9a. Zakona o financiranju javnih...\" \/>\n<meta property=\"og:url\" content=\"https:\/\/www.opuzen.hr\/grad\/poziv-za-predlaganje-programa-javnih-potreba-u-podrucjima-kulture-sporta-i-udruga-gradana-grada-opuzena-za-2021-godinu\/\" \/>\n<meta property=\"og:site_name\" content=\"Grad Opuzen\" \/>\n<meta property=\"article:published_time\" content=\"2020-10-13T12:37:25+00:00\" \/>\n<meta property=\"article:modified_time\" content=\"2023-10-12T11:27:47+00:00\" \/>\n<meta property=\"og:image\" content=\"https:\/\/www.opuzen.hr\/grad\/wp-content\/uploads\/2018\/05\/javne-potrebe.jpg\" \/>\n\t<meta property=\"og:image:width\" content=\"620\" \/>\n\t<meta property=\"og:image:height\" content=\"300\" \/>\n\t<meta property=\"og:image:type\" content=\"image\/jpeg\" \/>\n<meta name=\"author\" content=\"Grad Opuzen\" \/>\n<meta name=\"twitter:card\" content=\"summary_large_image\" \/>\n<meta name=\"twitter:label1\" content=\"Napisao\/la\" \/>\n\t<meta name=\"twitter:data1\" content=\"Grad Opuzen\" \/>\n\t<meta name=\"twitter:label2\" content=\"Procijenjeno vrijeme \u010ditanja\" \/>\n\t<meta name=\"twitter:data2\" content=\"2 minute\" \/>\n<script type=\"application\/ld+json\" class=\"yoast-schema-graph\">{\"@context\":\"https:\/\/schema.org\",\"@graph\":[{\"@type\":\"Article\",\"@id\":\"https:\/\/www.opuzen.hr\/grad\/poziv-za-predlaganje-programa-javnih-potreba-u-podrucjima-kulture-sporta-i-udruga-gradana-grada-opuzena-za-2021-godinu\/#article\",\"isPartOf\":{\"@id\":\"https:\/\/www.opuzen.hr\/grad\/poziv-za-predlaganje-programa-javnih-potreba-u-podrucjima-kulture-sporta-i-udruga-gradana-grada-opuzena-za-2021-godinu\/\"},\"author\":{\"name\":\"Grad Opuzen\",\"@id\":\"https:\/\/www.opuzen.hr\/grad\/#\/schema\/person\/0a17a9796898e9409a1fa4ca7448a481\"},\"headline\":\"Poziv za predlaganje Programa javnih potreba u podru\u010djima: kulture, sporta i udruga gra\u0111ana grada Opuzena za 2021. godinu\",\"datePublished\":\"2020-10-13T12:37:25+00:00\",\"dateModified\":\"2023-10-12T11:27:47+00:00\",\"mainEntityOfPage\":{\"@id\":\"https:\/\/www.opuzen.hr\/grad\/poziv-za-predlaganje-programa-javnih-potreba-u-podrucjima-kulture-sporta-i-udruga-gradana-grada-opuzena-za-2021-godinu\/\"},\"wordCount\":352,\"publisher\":{\"@id\":\"https:\/\/www.opuzen.hr\/grad\/#organization\"},\"image\":{\"@id\":\"https:\/\/www.opuzen.hr\/grad\/poziv-za-predlaganje-programa-javnih-potreba-u-podrucjima-kulture-sporta-i-udruga-gradana-grada-opuzena-za-2021-godinu\/#primaryimage\"},\"thumbnailUrl\":\"https:\/\/www.opuzen.hr\/grad\/wp-content\/uploads\/2018\/05\/javne-potrebe.jpg\",\"articleSection\":[\"Novosti\"],\"inLanguage\":\"hr\"},{\"@type\":\"WebPage\",\"@id\":\"https:\/\/www.opuzen.hr\/grad\/poziv-za-predlaganje-programa-javnih-potreba-u-podrucjima-kulture-sporta-i-udruga-gradana-grada-opuzena-za-2021-godinu\/\",\"url\":\"https:\/\/www.opuzen.hr\/grad\/poziv-za-predlaganje-programa-javnih-potreba-u-podrucjima-kulture-sporta-i-udruga-gradana-grada-opuzena-za-2021-godinu\/\",\"name\":\"Poziv za predlaganje Programa javnih potreba u podru\u010djima: kulture, sporta i udruga gra\u0111ana grada Opuzena za 2021. godinu - Grad Opuzen\",\"isPartOf\":{\"@id\":\"https:\/\/www.opuzen.hr\/grad\/#website\"},\"primaryImageOfPage\":{\"@id\":\"https:\/\/www.opuzen.hr\/grad\/poziv-za-predlaganje-programa-javnih-potreba-u-podrucjima-kulture-sporta-i-udruga-gradana-grada-opuzena-za-2021-godinu\/#primaryimage\"},\"image\":{\"@id\":\"https:\/\/www.opuzen.hr\/grad\/poziv-za-predlaganje-programa-javnih-potreba-u-podrucjima-kulture-sporta-i-udruga-gradana-grada-opuzena-za-2021-godinu\/#primaryimage\"},\"thumbnailUrl\":\"https:\/\/www.opuzen.hr\/grad\/wp-content\/uploads\/2018\/05\/javne-potrebe.jpg\",\"datePublished\":\"2020-10-13T12:37:25+00:00\",\"dateModified\":\"2023-10-12T11:27:47+00:00\",\"breadcrumb\":{\"@id\":\"https:\/\/www.opuzen.hr\/grad\/poziv-za-predlaganje-programa-javnih-potreba-u-podrucjima-kulture-sporta-i-udruga-gradana-grada-opuzena-za-2021-godinu\/#breadcrumb\"},\"inLanguage\":\"hr\",\"potentialAction\":[{\"@type\":\"ReadAction\",\"target\":[\"https:\/\/www.opuzen.hr\/grad\/poziv-za-predlaganje-programa-javnih-potreba-u-podrucjima-kulture-sporta-i-udruga-gradana-grada-opuzena-za-2021-godinu\/\"]}]},{\"@type\":\"ImageObject\",\"inLanguage\":\"hr\",\"@id\":\"https:\/\/www.opuzen.hr\/grad\/poziv-za-predlaganje-programa-javnih-potreba-u-podrucjima-kulture-sporta-i-udruga-gradana-grada-opuzena-za-2021-godinu\/#primaryimage\",\"url\":\"https:\/\/www.opuzen.hr\/grad\/wp-content\/uploads\/2018\/05\/javne-potrebe.jpg\",\"contentUrl\":\"https:\/\/www.opuzen.hr\/grad\/wp-content\/uploads\/2018\/05\/javne-potrebe.jpg\",\"width\":620,\"height\":300},{\"@type\":\"BreadcrumbList\",\"@id\":\"https:\/\/www.opuzen.hr\/grad\/poziv-za-predlaganje-programa-javnih-potreba-u-podrucjima-kulture-sporta-i-udruga-gradana-grada-opuzena-za-2021-godinu\/#breadcrumb\",\"itemListElement\":[{\"@type\":\"ListItem\",\"position\":1,\"name\":\"Po\u010detna stranica\",\"item\":\"https:\/\/www.opuzen.hr\/grad\/\"},{\"@type\":\"ListItem\",\"position\":2,\"name\":\"Poziv za predlaganje Programa javnih potreba u podru\u010djima: kulture, sporta i udruga gra\u0111ana grada Opuzena za 2021. godinu\"}]},{\"@type\":\"WebSite\",\"@id\":\"https:\/\/www.opuzen.hr\/grad\/#website\",\"url\":\"https:\/\/www.opuzen.hr\/grad\/\",\"name\":\"Grad Opuzen\",\"description\":\"Slu\u017ebene mre\u017ene stranice Grada Opuzena\",\"publisher\":{\"@id\":\"https:\/\/www.opuzen.hr\/grad\/#organization\"},\"potentialAction\":[{\"@type\":\"SearchAction\",\"target\":{\"@type\":\"EntryPoint\",\"urlTemplate\":\"https:\/\/www.opuzen.hr\/grad\/?s={search_term_string}\"},\"query-input\":\"required name=search_term_string\"}],\"inLanguage\":\"hr\"},{\"@type\":\"Organization\",\"@id\":\"https:\/\/www.opuzen.hr\/grad\/#organization\",\"name\":\"Grad Opuzen\",\"url\":\"https:\/\/www.opuzen.hr\/grad\/\",\"logo\":{\"@type\":\"ImageObject\",\"inLanguage\":\"hr\",\"@id\":\"https:\/\/www.opuzen.hr\/grad\/#\/schema\/logo\/image\/\",\"url\":\"https:\/\/www.opuzen.hr\/grad\/wp-content\/uploads\/2018\/02\/logo-opuzen.jpg\",\"contentUrl\":\"https:\/\/www.opuzen.hr\/grad\/wp-content\/uploads\/2018\/02\/logo-opuzen.jpg\",\"width\":400,\"height\":400,\"caption\":\"Grad Opuzen\"},\"image\":{\"@id\":\"https:\/\/www.opuzen.hr\/grad\/#\/schema\/logo\/image\/\"}},{\"@type\":\"Person\",\"@id\":\"https:\/\/www.opuzen.hr\/grad\/#\/schema\/person\/0a17a9796898e9409a1fa4ca7448a481\",\"name\":\"Grad Opuzen\",\"image\":{\"@type\":\"ImageObject\",\"inLanguage\":\"hr\",\"@id\":\"https:\/\/www.opuzen.hr\/grad\/#\/schema\/person\/image\/\",\"url\":\"https:\/\/secure.gravatar.com\/avatar\/0c54089de4fcf14c0fe3355109a3ac05?s=96&d=mm&r=g\",\"contentUrl\":\"https:\/\/secure.gravatar.com\/avatar\/0c54089de4fcf14c0fe3355109a3ac05?s=96&d=mm&r=g\",\"caption\":\"Grad Opuzen\"},\"url\":\"https:\/\/www.opuzen.hr\/grad\/author\/admin\/\"}]}<\/script>\n<!-- \/ Yoast SEO plugin. -->","yoast_head_json":{"title":"Poziv za predlaganje Programa javnih potreba u podru\u010djima: kulture, sporta i udruga gra\u0111ana grada Opuzena za 2021. godinu - Grad Opuzen","robots":{"index":"index","follow":"follow","max-snippet":"max-snippet:-1","max-image-preview":"max-image-preview:large","max-video-preview":"max-video-preview:-1"},"canonical":"https:\/\/www.opuzen.hr\/grad\/poziv-za-predlaganje-programa-javnih-potreba-u-podrucjima-kulture-sporta-i-udruga-gradana-grada-opuzena-za-2021-godinu\/","og_locale":"hr_HR","og_type":"article","og_title":"Poziv za predlaganje Programa javnih potreba u podru\u010djima: kulture, sporta i udruga gra\u0111ana grada Opuzena za 2021. godinu - Grad Opuzen","og_description":"Grad Opuzen, Jedinstveni upravni odjel, na temelju \u010dlanka 1. i 9a. Zakona o financiranju javnih...","og_url":"https:\/\/www.opuzen.hr\/grad\/poziv-za-predlaganje-programa-javnih-potreba-u-podrucjima-kulture-sporta-i-udruga-gradana-grada-opuzena-za-2021-godinu\/","og_site_name":"Grad Opuzen","article_published_time":"2020-10-13T12:37:25+00:00","article_modified_time":"2023-10-12T11:27:47+00:00","og_image":[{"width":620,"height":300,"url":"https:\/\/www.opuzen.hr\/grad\/wp-content\/uploads\/2018\/05\/javne-potrebe.jpg","type":"image\/jpeg"}],"author":"Grad Opuzen","twitter_card":"summary_large_image","twitter_misc":{"Napisao\/la":"Grad Opuzen","Procijenjeno vrijeme \u010ditanja":"2 minute"},"schema":{"@context":"https:\/\/schema.org","@graph":[{"@type":"Article","@id":"https:\/\/www.opuzen.hr\/grad\/poziv-za-predlaganje-programa-javnih-potreba-u-podrucjima-kulture-sporta-i-udruga-gradana-grada-opuzena-za-2021-godinu\/#article","isPartOf":{"@id":"https:\/\/www.opuzen.hr\/grad\/poziv-za-predlaganje-programa-javnih-potreba-u-podrucjima-kulture-sporta-i-udruga-gradana-grada-opuzena-za-2021-godinu\/"},"author":{"name":"Grad Opuzen","@id":"https:\/\/www.opuzen.hr\/grad\/#\/schema\/person\/0a17a9796898e9409a1fa4ca7448a481"},"headline":"Poziv za predlaganje Programa javnih potreba u podru\u010djima: kulture, sporta i udruga gra\u0111ana grada Opuzena za 2021. godinu","datePublished":"2020-10-13T12:37:25+00:00","dateModified":"2023-10-12T11:27:47+00:00","mainEntityOfPage":{"@id":"https:\/\/www.opuzen.hr\/grad\/poziv-za-predlaganje-programa-javnih-potreba-u-podrucjima-kulture-sporta-i-udruga-gradana-grada-opuzena-za-2021-godinu\/"},"wordCount":352,"publisher":{"@id":"https:\/\/www.opuzen.hr\/grad\/#organization"},"image":{"@id":"https:\/\/www.opuzen.hr\/grad\/poziv-za-predlaganje-programa-javnih-potreba-u-podrucjima-kulture-sporta-i-udruga-gradana-grada-opuzena-za-2021-godinu\/#primaryimage"},"thumbnailUrl":"https:\/\/www.opuzen.hr\/grad\/wp-content\/uploads\/2018\/05\/javne-potrebe.jpg","articleSection":["Novosti"],"inLanguage":"hr"},{"@type":"WebPage","@id":"https:\/\/www.opuzen.hr\/grad\/poziv-za-predlaganje-programa-javnih-potreba-u-podrucjima-kulture-sporta-i-udruga-gradana-grada-opuzena-za-2021-godinu\/","url":"https:\/\/www.opuzen.hr\/grad\/poziv-za-predlaganje-programa-javnih-potreba-u-podrucjima-kulture-sporta-i-udruga-gradana-grada-opuzena-za-2021-godinu\/","name":"Poziv za predlaganje Programa javnih potreba u podru\u010djima: kulture, sporta i udruga gra\u0111ana grada Opuzena za 2021. godinu - Grad Opuzen","isPartOf":{"@id":"https:\/\/www.opuzen.hr\/grad\/#website"},"primaryImageOfPage":{"@id":"https:\/\/www.opuzen.hr\/grad\/poziv-za-predlaganje-programa-javnih-potreba-u-podrucjima-kulture-sporta-i-udruga-gradana-grada-opuzena-za-2021-godinu\/#primaryimage"},"image":{"@id":"https:\/\/www.opuzen.hr\/grad\/poziv-za-predlaganje-programa-javnih-potreba-u-podrucjima-kulture-sporta-i-udruga-gradana-grada-opuzena-za-2021-godinu\/#primaryimage"},"thumbnailUrl":"https:\/\/www.opuzen.hr\/grad\/wp-content\/uploads\/2018\/05\/javne-potrebe.jpg","datePublished":"2020-10-13T12:37:25+00:00","dateModified":"2023-10-12T11:27:47+00:00","breadcrumb":{"@id":"https:\/\/www.opuzen.hr\/grad\/poziv-za-predlaganje-programa-javnih-potreba-u-podrucjima-kulture-sporta-i-udruga-gradana-grada-opuzena-za-2021-godinu\/#breadcrumb"},"inLanguage":"hr","potentialAction":[{"@type":"ReadAction","target":["https:\/\/www.opuzen.hr\/grad\/poziv-za-predlaganje-programa-javnih-potreba-u-podrucjima-kulture-sporta-i-udruga-gradana-grada-opuzena-za-2021-godinu\/"]}]},{"@type":"ImageObject","inLanguage":"hr","@id":"https:\/\/www.opuzen.hr\/grad\/poziv-za-predlaganje-programa-javnih-potreba-u-podrucjima-kulture-sporta-i-udruga-gradana-grada-opuzena-za-2021-godinu\/#primaryimage","url":"https:\/\/www.opuzen.hr\/grad\/wp-content\/uploads\/2018\/05\/javne-potrebe.jpg","contentUrl":"https:\/\/www.opuzen.hr\/grad\/wp-content\/uploads\/2018\/05\/javne-potrebe.jpg","width":620,"height":300},{"@type":"BreadcrumbList","@id":"https:\/\/www.opuzen.hr\/grad\/poziv-za-predlaganje-programa-javnih-potreba-u-podrucjima-kulture-sporta-i-udruga-gradana-grada-opuzena-za-2021-godinu\/#breadcrumb","itemListElement":[{"@type":"ListItem","position":1,"name":"Po\u010detna stranica","item":"https:\/\/www.opuzen.hr\/grad\/"},{"@type":"ListItem","position":2,"name":"Poziv za predlaganje Programa javnih potreba u podru\u010djima: kulture, sporta i udruga gra\u0111ana grada Opuzena za 2021. godinu"}]},{"@type":"WebSite","@id":"https:\/\/www.opuzen.hr\/grad\/#website","url":"https:\/\/www.opuzen.hr\/grad\/","name":"Grad Opuzen","description":"Slu\u017ebene mre\u017ene stranice Grada Opuzena","publisher":{"@id":"https:\/\/www.opuzen.hr\/grad\/#organization"},"potentialAction":[{"@type":"SearchAction","target":{"@type":"EntryPoint","urlTemplate":"https:\/\/www.opuzen.hr\/grad\/?s={search_term_string}"},"query-input":"required name=search_term_string"}],"inLanguage":"hr"},{"@type":"Organization","@id":"https:\/\/www.opuzen.hr\/grad\/#organization","name":"Grad Opuzen","url":"https:\/\/www.opuzen.hr\/grad\/","logo":{"@type":"ImageObject","inLanguage":"hr","@id":"https:\/\/www.opuzen.hr\/grad\/#\/schema\/logo\/image\/","url":"https:\/\/www.opuzen.hr\/grad\/wp-content\/uploads\/2018\/02\/logo-opuzen.jpg","contentUrl":"https:\/\/www.opuzen.hr\/grad\/wp-content\/uploads\/2018\/02\/logo-opuzen.jpg","width":400,"height":400,"caption":"Grad Opuzen"},"image":{"@id":"https:\/\/www.opuzen.hr\/grad\/#\/schema\/logo\/image\/"}},{"@type":"Person","@id":"https:\/\/www.opuzen.hr\/grad\/#\/schema\/person\/0a17a9796898e9409a1fa4ca7448a481","name":"Grad Opuzen","image":{"@type":"ImageObject","inLanguage":"hr","@id":"https:\/\/www.opuzen.hr\/grad\/#\/schema\/person\/image\/","url":"https:\/\/secure.gravatar.com\/avatar\/0c54089de4fcf14c0fe3355109a3ac05?s=96&d=mm&r=g","contentUrl":"https:\/\/secure.gravatar.com\/avatar\/0c54089de4fcf14c0fe3355109a3ac05?s=96&d=mm&r=g","caption":"Grad Opuzen"},"url":"https:\/\/www.opuzen.hr\/grad\/author\/admin\/"}]}},"_links":{"self":[{"href":"https:\/\/www.opuzen.hr\/grad\/wp-json\/wp\/v2\/posts\/7270"}],"collection":[{"href":"https:\/\/www.opuzen.hr\/grad\/wp-json\/wp\/v2\/posts"}],"about":[{"href":"https:\/\/www.opuzen.hr\/grad\/wp-json\/wp\/v2\/types\/post"}],"author":[{"embeddable":true,"href":"https:\/\/www.opuzen.hr\/grad\/wp-json\/wp\/v2\/users\/3"}],"replies":[{"embeddable":true,"href":"https:\/\/www.opuzen.hr\/grad\/wp-json\/wp\/v2\/comments?post=7270"}],"version-history":[{"count":3,"href":"https:\/\/www.opuzen.hr\/grad\/wp-json\/wp\/v2\/posts\/7270\/revisions"}],"predecessor-version":[{"id":7278,"href":"https:\/\/www.opuzen.hr\/grad\/wp-json\/wp\/v2\/posts\/7270\/revisions\/7278"}],"wp:featuredmedia":[{"embeddable":true,"href":"https:\/\/www.opuzen.hr\/grad\/wp-json\/wp\/v2\/media\/1217"}],"wp:attachment":[{"href":"https:\/\/www.opuzen.hr\/grad\/wp-json\/wp\/v2\/media?parent=7270"}],"wp:term":[{"taxonomy":"category","embeddable":true,"href":"https:\/\/www.opuzen.hr\/grad\/wp-json\/wp\/v2\/categories?post=7270"},{"taxonomy":"post_tag","embeddable":true,"href":"https:\/\/www.opuzen.hr\/grad\/wp-json\/wp\/v2\/tags?post=7270"}],"curies":[{"name":"wp","href":"https:\/\/api.w.org\/{rel}","templated":true}]}}