{"id":7299,"date":"2020-10-21T11:57:07","date_gmt":"2020-10-21T09:57:07","guid":{"rendered":"https:\/\/www.opuzen.hr\/grad\/?p=7299"},"modified":"2023-10-12T13:27:47","modified_gmt":"2023-10-12T11:27:47","slug":"pocetak-provedbe-projekta-izgradnja-i-opremanje-reciklaznog-dvorista-opuzen","status":"publish","type":"post","link":"https:\/\/www.opuzen.hr\/grad\/pocetak-provedbe-projekta-izgradnja-i-opremanje-reciklaznog-dvorista-opuzen\/","title":{"rendered":"Po\u010detak provedbe projekta \u201eIzgradnja i opremanje recikla\u017enog dvori\u0161ta Opuzen\u201c"},"content":{"rendered":"\t\t<div data-elementor-type=\"wp-post\" data-elementor-id=\"7299\" class=\"elementor elementor-7299\">\n\t\t\t\t\t\t<section class=\"has_eae_slider elementor-section elementor-top-section elementor-element elementor-element-7403ab30 elementor-section-boxed elementor-section-height-default elementor-section-height-default\" data-id=\"7403ab30\" data-element_type=\"section\">\n\t\t\t\t\t\t<div class=\"elementor-container elementor-column-gap-default\">\n\t\t\t\t\t<div class=\"has_eae_slider elementor-column elementor-col-100 elementor-top-column elementor-element elementor-element-5060bf0\" data-id=\"5060bf0\" data-element_type=\"column\">\n\t\t\t<div class=\"elementor-widget-wrap elementor-element-populated\">\n\t\t\t\t\t\t<div class=\"elementor-element elementor-element-b2277dd elementor-widget elementor-widget-text-editor\" data-id=\"b2277dd\" data-element_type=\"widget\" data-widget_type=\"text-editor.default\">\n\t\t\t\t<div class=\"elementor-widget-container\">\n\t\t\t\t\t\t\t<p style=\"text-align: justify;\">Projekt \u201cIzgradnja i opremanje dvori\u0161ta Opuzen\u201d zapo\u010deo je sa provedbom 21. rujna 2020. godine odnosno stupanjem na snagu Ugovora o dodjeli bespovratnih sredstava, KK.06.3.1.16.0025, sklopljenog izme\u0111u Ministarstva gospodarstva i odr\u017eivog razvoja, Fonda za za\u0161titu okoli\u0161a i energetsku u\u010dinkovitost te Grada Opuzena kao Korisnika bespovratnih sredstava iz europskih strukturnih i investicijskih fondova.<\/p>\r\n<p style=\"text-align: center;\"><strong>Projekt Izgradnje i opremanja recikla\u017enog dvori\u0161ta Opuzen sufinancirala je Europska unija iz Kohezijskog fonda.<\/strong><\/p>\r\n&nbsp;\r\n\r\n<img fetchpriority=\"high\" decoding=\"async\" class=\"wp-image-6320 aligncenter\" src=\"https:\/\/www.opuzen.hr\/grad\/wp-content\/uploads\/2019\/11\/elementi-vidljivosti.png\" alt=\"\" width=\"681\" height=\"162\" srcset=\"https:\/\/www.opuzen.hr\/grad\/wp-content\/uploads\/2019\/11\/elementi-vidljivosti.png 605w, https:\/\/www.opuzen.hr\/grad\/wp-content\/uploads\/2019\/11\/elementi-vidljivosti-300x71.png 300w, https:\/\/www.opuzen.hr\/grad\/wp-content\/uploads\/2019\/11\/elementi-vidljivosti-600x142.png 600w, https:\/\/www.opuzen.hr\/grad\/wp-content\/uploads\/2019\/11\/elementi-vidljivosti-150x35.png 150w\" sizes=\"(max-width: 681px) 100vw, 681px\" \/>\t\t\t\t\t\t<\/div>\n\t\t\t\t<\/div>\n\t\t\t\t\t<\/div>\n\t\t<\/div>\n\t\t\t\t\t<\/div>\n\t\t<\/section>\n\t\t\t\t<section class=\"has_eae_slider elementor-section elementor-top-section elementor-element elementor-element-70b9c92 elementor-section-boxed elementor-section-height-default elementor-section-height-default\" data-id=\"70b9c92\" data-element_type=\"section\">\n\t\t\t\t\t\t<div class=\"elementor-container elementor-column-gap-default\">\n\t\t\t\t\t<div class=\"has_eae_slider elementor-column elementor-col-100 elementor-top-column elementor-element elementor-element-044568a\" data-id=\"044568a\" data-element_type=\"column\">\n\t\t\t<div class=\"elementor-widget-wrap elementor-element-populated\">\n\t\t\t\t\t\t<section class=\"has_eae_slider elementor-section elementor-inner-section elementor-element elementor-element-c0f792b elementor-section-boxed elementor-section-height-default elementor-section-height-default\" data-id=\"c0f792b\" data-element_type=\"section\">\n\t\t\t\t\t\t<div class=\"elementor-container elementor-column-gap-default\">\n\t\t\t\t\t<div class=\"has_eae_slider elementor-column elementor-col-50 elementor-inner-column elementor-element elementor-element-22d2b27\" data-id=\"22d2b27\" data-element_type=\"column\" data-settings=\"{&quot;background_background&quot;:&quot;classic&quot;}\">\n\t\t\t<div class=\"elementor-widget-wrap elementor-element-populated\">\n\t\t\t\t\t\t<div class=\"elementor-element elementor-element-7e0db7b elementor-view-default elementor-widget elementor-widget-icon\" data-id=\"7e0db7b\" data-element_type=\"widget\" data-widget_type=\"icon.default\">\n\t\t\t\t<div class=\"elementor-widget-container\">\n\t\t\t\t\t<div class=\"elementor-icon-wrapper\">\n\t\t\t<div class=\"elementor-icon\">\n\t\t\t<i aria-hidden=\"true\" class=\"fas fa-arrow-right\"><\/i>\t\t\t<\/div>\n\t\t<\/div>\n\t\t\t\t<\/div>\n\t\t\t\t<\/div>\n\t\t\t\t\t<\/div>\n\t\t<\/div>\n\t\t\t\t<div class=\"has_eae_slider elementor-column elementor-col-50 elementor-inner-column elementor-element elementor-element-a5f00cd\" data-id=\"a5f00cd\" data-element_type=\"column\">\n\t\t\t<div class=\"elementor-widget-wrap elementor-element-populated\">\n\t\t\t\t\t\t<div class=\"elementor-element elementor-element-02ea4e3 elementor-widget elementor-widget-image\" data-id=\"02ea4e3\" data-element_type=\"widget\" data-widget_type=\"image.default\">\n\t\t\t\t<div class=\"elementor-widget-container\">\n\t\t\t\t\t\t\t\t\t\t<figure class=\"wp-caption\">\n\t\t\t\t\t\t\t\t\t\t\t<a href=\"https:\/\/www.opuzen.hr\/grad\/reciklazno-dvoriste-opuzen\/\">\n\t\t\t\t\t\t\t<img decoding=\"async\" width=\"768\" height=\"352\" src=\"https:\/\/www.opuzen.hr\/grad\/wp-content\/uploads\/2020\/10\/eurecdvoristeop.png\" class=\"attachment-large size-large wp-image-7289\" alt=\"\" srcset=\"https:\/\/www.opuzen.hr\/grad\/wp-content\/uploads\/2020\/10\/eurecdvoristeop.png 768w, https:\/\/www.opuzen.hr\/grad\/wp-content\/uploads\/2020\/10\/eurecdvoristeop-300x138.png 300w, https:\/\/www.opuzen.hr\/grad\/wp-content\/uploads\/2020\/10\/eurecdvoristeop-600x275.png 600w, https:\/\/www.opuzen.hr\/grad\/wp-content\/uploads\/2020\/10\/eurecdvoristeop-150x69.png 150w\" sizes=\"(max-width: 768px) 100vw, 768px\" \/>\t\t\t\t\t\t\t\t<\/a>\n\t\t\t\t\t\t\t\t\t\t\t<figcaption class=\"widget-image-caption wp-caption-text\"><\/figcaption>\n\t\t\t\t\t\t\t\t\t\t<\/figure>\n\t\t\t\t\t\t\t<\/div>\n\t\t\t\t<\/div>\n\t\t\t\t\t<\/div>\n\t\t<\/div>\n\t\t\t\t\t<\/div>\n\t\t<\/section>\n\t\t\t\t\t<\/div>\n\t\t<\/div>\n\t\t\t\t\t<\/div>\n\t\t<\/section>\n\t\t\t\t<\/div>\n\t\t<!-- WP Attachments -->\r\n        <div style=\"width:100%;margin:10px 0 10px 0;\">\r\n            <h3>Prilozi sadr\u017eaju:<\/h3>\r\n        <ul class=\"post-attachments\"><li class=\"post-attachment mime-application-pdf\">                                \r\n<a target=\"_blank\" href=\"https:\/\/www.opuzen.hr\/grad\/pocetak-provedbe-projekta-izgradnja-i-opremanje-reciklaznog-dvorista-opuzen\/?download=7313\">Informacije o projektu<\/a><div style=\"float:right;\">221 kB \/ Preuzeto: 474<\/div>\r\n<br><small><\/small><\/li><\/ul><\/div>","protected":false},"excerpt":{"rendered":"<p>Projekt \u201cIzgradnja i opremanje dvori\u0161ta Opuzen\u201d zapo\u010deo je sa provedbom 21. rujna 2020. godine odnosno&#8230;<\/p>\n","protected":false},"author":3,"featured_media":6103,"comment_status":"closed","ping_status":"closed","sticky":false,"template":"","format":"standard","meta":{"footnotes":""},"categories":[4,377],"tags":[34,11,79,299],"class_list":["post-7299","post","type-post","status-publish","format-standard","has-post-thumbnail","hentry","category-novosti","category-reciklazno-dvoriste-opuzen","tag-eu","tag-opuzen","tag-projekti","tag-reciklazno-dvoriste","wpcat-4-id","wpcat-377-id"],"yoast_head":"<!-- This site is optimized with the Yoast SEO plugin v23.1 - https:\/\/yoast.com\/wordpress\/plugins\/seo\/ -->\n<title>Po\u010detak provedbe projekta \u201eIzgradnja i opremanje recikla\u017enog dvori\u0161ta Opuzen\u201c - Grad Opuzen<\/title>\n<meta name=\"robots\" content=\"index, follow, max-snippet:-1, max-image-preview:large, max-video-preview:-1\" \/>\n<link rel=\"canonical\" href=\"https:\/\/www.opuzen.hr\/grad\/pocetak-provedbe-projekta-izgradnja-i-opremanje-reciklaznog-dvorista-opuzen\/\" \/>\n<meta property=\"og:locale\" content=\"hr_HR\" \/>\n<meta property=\"og:type\" content=\"article\" \/>\n<meta property=\"og:title\" content=\"Po\u010detak provedbe projekta \u201eIzgradnja i opremanje recikla\u017enog dvori\u0161ta Opuzen\u201c - Grad Opuzen\" \/>\n<meta property=\"og:description\" content=\"Projekt \u201cIzgradnja i opremanje dvori\u0161ta Opuzen\u201d zapo\u010deo je sa provedbom 21. rujna 2020. godine odnosno...\" \/>\n<meta property=\"og:url\" content=\"https:\/\/www.opuzen.hr\/grad\/pocetak-provedbe-projekta-izgradnja-i-opremanje-reciklaznog-dvorista-opuzen\/\" \/>\n<meta property=\"og:site_name\" content=\"Grad Opuzen\" \/>\n<meta property=\"article:published_time\" content=\"2020-10-21T09:57:07+00:00\" \/>\n<meta property=\"article:modified_time\" content=\"2023-10-12T11:27:47+00:00\" \/>\n<meta property=\"og:image\" content=\"https:\/\/www.opuzen.hr\/grad\/wp-content\/uploads\/2019\/10\/192-eu-logo-za-web.jpg\" \/>\n\t<meta property=\"og:image:width\" content=\"1200\" \/>\n\t<meta property=\"og:image:height\" content=\"899\" \/>\n\t<meta property=\"og:image:type\" content=\"image\/jpeg\" \/>\n<meta name=\"author\" content=\"Grad Opuzen\" \/>\n<meta name=\"twitter:card\" content=\"summary_large_image\" \/>\n<meta name=\"twitter:label1\" content=\"Napisao\/la\" \/>\n\t<meta name=\"twitter:data1\" content=\"Grad Opuzen\" \/>\n<script type=\"application\/ld+json\" class=\"yoast-schema-graph\">{\"@context\":\"https:\/\/schema.org\",\"@graph\":[{\"@type\":\"Article\",\"@id\":\"https:\/\/www.opuzen.hr\/grad\/pocetak-provedbe-projekta-izgradnja-i-opremanje-reciklaznog-dvorista-opuzen\/#article\",\"isPartOf\":{\"@id\":\"https:\/\/www.opuzen.hr\/grad\/pocetak-provedbe-projekta-izgradnja-i-opremanje-reciklaznog-dvorista-opuzen\/\"},\"author\":{\"name\":\"Grad Opuzen\",\"@id\":\"https:\/\/www.opuzen.hr\/grad\/#\/schema\/person\/0a17a9796898e9409a1fa4ca7448a481\"},\"headline\":\"Po\u010detak provedbe projekta \u201eIzgradnja i opremanje recikla\u017enog dvori\u0161ta Opuzen\u201c\",\"datePublished\":\"2020-10-21T09:57:07+00:00\",\"dateModified\":\"2023-10-12T11:27:47+00:00\",\"mainEntityOfPage\":{\"@id\":\"https:\/\/www.opuzen.hr\/grad\/pocetak-provedbe-projekta-izgradnja-i-opremanje-reciklaznog-dvorista-opuzen\/\"},\"wordCount\":84,\"publisher\":{\"@id\":\"https:\/\/www.opuzen.hr\/grad\/#organization\"},\"image\":{\"@id\":\"https:\/\/www.opuzen.hr\/grad\/pocetak-provedbe-projekta-izgradnja-i-opremanje-reciklaznog-dvorista-opuzen\/#primaryimage\"},\"thumbnailUrl\":\"https:\/\/www.opuzen.hr\/grad\/wp-content\/uploads\/2019\/10\/192-eu-logo-za-web.jpg\",\"keywords\":[\"EU\",\"Opuzen\",\"Projekti\",\"recikla\u017eno dvori\u0161te\"],\"articleSection\":[\"Novosti\",\"Recikla\u017eno dvori\u0161te opuzen\"],\"inLanguage\":\"hr\"},{\"@type\":\"WebPage\",\"@id\":\"https:\/\/www.opuzen.hr\/grad\/pocetak-provedbe-projekta-izgradnja-i-opremanje-reciklaznog-dvorista-opuzen\/\",\"url\":\"https:\/\/www.opuzen.hr\/grad\/pocetak-provedbe-projekta-izgradnja-i-opremanje-reciklaznog-dvorista-opuzen\/\",\"name\":\"Po\u010detak provedbe projekta \u201eIzgradnja i opremanje recikla\u017enog dvori\u0161ta Opuzen\u201c - Grad Opuzen\",\"isPartOf\":{\"@id\":\"https:\/\/www.opuzen.hr\/grad\/#website\"},\"primaryImageOfPage\":{\"@id\":\"https:\/\/www.opuzen.hr\/grad\/pocetak-provedbe-projekta-izgradnja-i-opremanje-reciklaznog-dvorista-opuzen\/#primaryimage\"},\"image\":{\"@id\":\"https:\/\/www.opuzen.hr\/grad\/pocetak-provedbe-projekta-izgradnja-i-opremanje-reciklaznog-dvorista-opuzen\/#primaryimage\"},\"thumbnailUrl\":\"https:\/\/www.opuzen.hr\/grad\/wp-content\/uploads\/2019\/10\/192-eu-logo-za-web.jpg\",\"datePublished\":\"2020-10-21T09:57:07+00:00\",\"dateModified\":\"2023-10-12T11:27:47+00:00\",\"breadcrumb\":{\"@id\":\"https:\/\/www.opuzen.hr\/grad\/pocetak-provedbe-projekta-izgradnja-i-opremanje-reciklaznog-dvorista-opuzen\/#breadcrumb\"},\"inLanguage\":\"hr\",\"potentialAction\":[{\"@type\":\"ReadAction\",\"target\":[\"https:\/\/www.opuzen.hr\/grad\/pocetak-provedbe-projekta-izgradnja-i-opremanje-reciklaznog-dvorista-opuzen\/\"]}]},{\"@type\":\"ImageObject\",\"inLanguage\":\"hr\",\"@id\":\"https:\/\/www.opuzen.hr\/grad\/pocetak-provedbe-projekta-izgradnja-i-opremanje-reciklaznog-dvorista-opuzen\/#primaryimage\",\"url\":\"https:\/\/www.opuzen.hr\/grad\/wp-content\/uploads\/2019\/10\/192-eu-logo-za-web.jpg\",\"contentUrl\":\"https:\/\/www.opuzen.hr\/grad\/wp-content\/uploads\/2019\/10\/192-eu-logo-za-web.jpg\",\"width\":1200,\"height\":899},{\"@type\":\"BreadcrumbList\",\"@id\":\"https:\/\/www.opuzen.hr\/grad\/pocetak-provedbe-projekta-izgradnja-i-opremanje-reciklaznog-dvorista-opuzen\/#breadcrumb\",\"itemListElement\":[{\"@type\":\"ListItem\",\"position\":1,\"name\":\"Po\u010detna stranica\",\"item\":\"https:\/\/www.opuzen.hr\/grad\/\"},{\"@type\":\"ListItem\",\"position\":2,\"name\":\"Po\u010detak provedbe projekta \u201eIzgradnja i opremanje recikla\u017enog dvori\u0161ta Opuzen\u201c\"}]},{\"@type\":\"WebSite\",\"@id\":\"https:\/\/www.opuzen.hr\/grad\/#website\",\"url\":\"https:\/\/www.opuzen.hr\/grad\/\",\"name\":\"Grad Opuzen\",\"description\":\"Slu\u017ebene mre\u017ene stranice Grada Opuzena\",\"publisher\":{\"@id\":\"https:\/\/www.opuzen.hr\/grad\/#organization\"},\"potentialAction\":[{\"@type\":\"SearchAction\",\"target\":{\"@type\":\"EntryPoint\",\"urlTemplate\":\"https:\/\/www.opuzen.hr\/grad\/?s={search_term_string}\"},\"query-input\":\"required name=search_term_string\"}],\"inLanguage\":\"hr\"},{\"@type\":\"Organization\",\"@id\":\"https:\/\/www.opuzen.hr\/grad\/#organization\",\"name\":\"Grad Opuzen\",\"url\":\"https:\/\/www.opuzen.hr\/grad\/\",\"logo\":{\"@type\":\"ImageObject\",\"inLanguage\":\"hr\",\"@id\":\"https:\/\/www.opuzen.hr\/grad\/#\/schema\/logo\/image\/\",\"url\":\"https:\/\/www.opuzen.hr\/grad\/wp-content\/uploads\/2018\/02\/logo-opuzen.jpg\",\"contentUrl\":\"https:\/\/www.opuzen.hr\/grad\/wp-content\/uploads\/2018\/02\/logo-opuzen.jpg\",\"width\":400,\"height\":400,\"caption\":\"Grad Opuzen\"},\"image\":{\"@id\":\"https:\/\/www.opuzen.hr\/grad\/#\/schema\/logo\/image\/\"}},{\"@type\":\"Person\",\"@id\":\"https:\/\/www.opuzen.hr\/grad\/#\/schema\/person\/0a17a9796898e9409a1fa4ca7448a481\",\"name\":\"Grad Opuzen\",\"image\":{\"@type\":\"ImageObject\",\"inLanguage\":\"hr\",\"@id\":\"https:\/\/www.opuzen.hr\/grad\/#\/schema\/person\/image\/\",\"url\":\"https:\/\/secure.gravatar.com\/avatar\/0c54089de4fcf14c0fe3355109a3ac05?s=96&d=mm&r=g\",\"contentUrl\":\"https:\/\/secure.gravatar.com\/avatar\/0c54089de4fcf14c0fe3355109a3ac05?s=96&d=mm&r=g\",\"caption\":\"Grad Opuzen\"},\"url\":\"https:\/\/www.opuzen.hr\/grad\/author\/admin\/\"}]}<\/script>\n<!-- \/ Yoast SEO plugin. -->","yoast_head_json":{"title":"Po\u010detak provedbe projekta \u201eIzgradnja i opremanje recikla\u017enog dvori\u0161ta Opuzen\u201c - Grad Opuzen","robots":{"index":"index","follow":"follow","max-snippet":"max-snippet:-1","max-image-preview":"max-image-preview:large","max-video-preview":"max-video-preview:-1"},"canonical":"https:\/\/www.opuzen.hr\/grad\/pocetak-provedbe-projekta-izgradnja-i-opremanje-reciklaznog-dvorista-opuzen\/","og_locale":"hr_HR","og_type":"article","og_title":"Po\u010detak provedbe projekta \u201eIzgradnja i opremanje recikla\u017enog dvori\u0161ta Opuzen\u201c - Grad Opuzen","og_description":"Projekt \u201cIzgradnja i opremanje dvori\u0161ta Opuzen\u201d zapo\u010deo je sa provedbom 21. rujna 2020. godine odnosno...","og_url":"https:\/\/www.opuzen.hr\/grad\/pocetak-provedbe-projekta-izgradnja-i-opremanje-reciklaznog-dvorista-opuzen\/","og_site_name":"Grad Opuzen","article_published_time":"2020-10-21T09:57:07+00:00","article_modified_time":"2023-10-12T11:27:47+00:00","og_image":[{"width":1200,"height":899,"url":"https:\/\/www.opuzen.hr\/grad\/wp-content\/uploads\/2019\/10\/192-eu-logo-za-web.jpg","type":"image\/jpeg"}],"author":"Grad Opuzen","twitter_card":"summary_large_image","twitter_misc":{"Napisao\/la":"Grad Opuzen"},"schema":{"@context":"https:\/\/schema.org","@graph":[{"@type":"Article","@id":"https:\/\/www.opuzen.hr\/grad\/pocetak-provedbe-projekta-izgradnja-i-opremanje-reciklaznog-dvorista-opuzen\/#article","isPartOf":{"@id":"https:\/\/www.opuzen.hr\/grad\/pocetak-provedbe-projekta-izgradnja-i-opremanje-reciklaznog-dvorista-opuzen\/"},"author":{"name":"Grad Opuzen","@id":"https:\/\/www.opuzen.hr\/grad\/#\/schema\/person\/0a17a9796898e9409a1fa4ca7448a481"},"headline":"Po\u010detak provedbe projekta \u201eIzgradnja i opremanje recikla\u017enog dvori\u0161ta Opuzen\u201c","datePublished":"2020-10-21T09:57:07+00:00","dateModified":"2023-10-12T11:27:47+00:00","mainEntityOfPage":{"@id":"https:\/\/www.opuzen.hr\/grad\/pocetak-provedbe-projekta-izgradnja-i-opremanje-reciklaznog-dvorista-opuzen\/"},"wordCount":84,"publisher":{"@id":"https:\/\/www.opuzen.hr\/grad\/#organization"},"image":{"@id":"https:\/\/www.opuzen.hr\/grad\/pocetak-provedbe-projekta-izgradnja-i-opremanje-reciklaznog-dvorista-opuzen\/#primaryimage"},"thumbnailUrl":"https:\/\/www.opuzen.hr\/grad\/wp-content\/uploads\/2019\/10\/192-eu-logo-za-web.jpg","keywords":["EU","Opuzen","Projekti","recikla\u017eno dvori\u0161te"],"articleSection":["Novosti","Recikla\u017eno dvori\u0161te opuzen"],"inLanguage":"hr"},{"@type":"WebPage","@id":"https:\/\/www.opuzen.hr\/grad\/pocetak-provedbe-projekta-izgradnja-i-opremanje-reciklaznog-dvorista-opuzen\/","url":"https:\/\/www.opuzen.hr\/grad\/pocetak-provedbe-projekta-izgradnja-i-opremanje-reciklaznog-dvorista-opuzen\/","name":"Po\u010detak provedbe projekta \u201eIzgradnja i opremanje recikla\u017enog dvori\u0161ta Opuzen\u201c - Grad Opuzen","isPartOf":{"@id":"https:\/\/www.opuzen.hr\/grad\/#website"},"primaryImageOfPage":{"@id":"https:\/\/www.opuzen.hr\/grad\/pocetak-provedbe-projekta-izgradnja-i-opremanje-reciklaznog-dvorista-opuzen\/#primaryimage"},"image":{"@id":"https:\/\/www.opuzen.hr\/grad\/pocetak-provedbe-projekta-izgradnja-i-opremanje-reciklaznog-dvorista-opuzen\/#primaryimage"},"thumbnailUrl":"https:\/\/www.opuzen.hr\/grad\/wp-content\/uploads\/2019\/10\/192-eu-logo-za-web.jpg","datePublished":"2020-10-21T09:57:07+00:00","dateModified":"2023-10-12T11:27:47+00:00","breadcrumb":{"@id":"https:\/\/www.opuzen.hr\/grad\/pocetak-provedbe-projekta-izgradnja-i-opremanje-reciklaznog-dvorista-opuzen\/#breadcrumb"},"inLanguage":"hr","potentialAction":[{"@type":"ReadAction","target":["https:\/\/www.opuzen.hr\/grad\/pocetak-provedbe-projekta-izgradnja-i-opremanje-reciklaznog-dvorista-opuzen\/"]}]},{"@type":"ImageObject","inLanguage":"hr","@id":"https:\/\/www.opuzen.hr\/grad\/pocetak-provedbe-projekta-izgradnja-i-opremanje-reciklaznog-dvorista-opuzen\/#primaryimage","url":"https:\/\/www.opuzen.hr\/grad\/wp-content\/uploads\/2019\/10\/192-eu-logo-za-web.jpg","contentUrl":"https:\/\/www.opuzen.hr\/grad\/wp-content\/uploads\/2019\/10\/192-eu-logo-za-web.jpg","width":1200,"height":899},{"@type":"BreadcrumbList","@id":"https:\/\/www.opuzen.hr\/grad\/pocetak-provedbe-projekta-izgradnja-i-opremanje-reciklaznog-dvorista-opuzen\/#breadcrumb","itemListElement":[{"@type":"ListItem","position":1,"name":"Po\u010detna stranica","item":"https:\/\/www.opuzen.hr\/grad\/"},{"@type":"ListItem","position":2,"name":"Po\u010detak provedbe projekta \u201eIzgradnja i opremanje recikla\u017enog dvori\u0161ta Opuzen\u201c"}]},{"@type":"WebSite","@id":"https:\/\/www.opuzen.hr\/grad\/#website","url":"https:\/\/www.opuzen.hr\/grad\/","name":"Grad Opuzen","description":"Slu\u017ebene mre\u017ene stranice Grada Opuzena","publisher":{"@id":"https:\/\/www.opuzen.hr\/grad\/#organization"},"potentialAction":[{"@type":"SearchAction","target":{"@type":"EntryPoint","urlTemplate":"https:\/\/www.opuzen.hr\/grad\/?s={search_term_string}"},"query-input":"required name=search_term_string"}],"inLanguage":"hr"},{"@type":"Organization","@id":"https:\/\/www.opuzen.hr\/grad\/#organization","name":"Grad Opuzen","url":"https:\/\/www.opuzen.hr\/grad\/","logo":{"@type":"ImageObject","inLanguage":"hr","@id":"https:\/\/www.opuzen.hr\/grad\/#\/schema\/logo\/image\/","url":"https:\/\/www.opuzen.hr\/grad\/wp-content\/uploads\/2018\/02\/logo-opuzen.jpg","contentUrl":"https:\/\/www.opuzen.hr\/grad\/wp-content\/uploads\/2018\/02\/logo-opuzen.jpg","width":400,"height":400,"caption":"Grad Opuzen"},"image":{"@id":"https:\/\/www.opuzen.hr\/grad\/#\/schema\/logo\/image\/"}},{"@type":"Person","@id":"https:\/\/www.opuzen.hr\/grad\/#\/schema\/person\/0a17a9796898e9409a1fa4ca7448a481","name":"Grad Opuzen","image":{"@type":"ImageObject","inLanguage":"hr","@id":"https:\/\/www.opuzen.hr\/grad\/#\/schema\/person\/image\/","url":"https:\/\/secure.gravatar.com\/avatar\/0c54089de4fcf14c0fe3355109a3ac05?s=96&d=mm&r=g","contentUrl":"https:\/\/secure.gravatar.com\/avatar\/0c54089de4fcf14c0fe3355109a3ac05?s=96&d=mm&r=g","caption":"Grad Opuzen"},"url":"https:\/\/www.opuzen.hr\/grad\/author\/admin\/"}]}},"_links":{"self":[{"href":"https:\/\/www.opuzen.hr\/grad\/wp-json\/wp\/v2\/posts\/7299"}],"collection":[{"href":"https:\/\/www.opuzen.hr\/grad\/wp-json\/wp\/v2\/posts"}],"about":[{"href":"https:\/\/www.opuzen.hr\/grad\/wp-json\/wp\/v2\/types\/post"}],"author":[{"embeddable":true,"href":"https:\/\/www.opuzen.hr\/grad\/wp-json\/wp\/v2\/users\/3"}],"replies":[{"embeddable":true,"href":"https:\/\/www.opuzen.hr\/grad\/wp-json\/wp\/v2\/comments?post=7299"}],"version-history":[{"count":6,"href":"https:\/\/www.opuzen.hr\/grad\/wp-json\/wp\/v2\/posts\/7299\/revisions"}],"predecessor-version":[{"id":7314,"href":"https:\/\/www.opuzen.hr\/grad\/wp-json\/wp\/v2\/posts\/7299\/revisions\/7314"}],"wp:featuredmedia":[{"embeddable":true,"href":"https:\/\/www.opuzen.hr\/grad\/wp-json\/wp\/v2\/media\/6103"}],"wp:attachment":[{"href":"https:\/\/www.opuzen.hr\/grad\/wp-json\/wp\/v2\/media?parent=7299"}],"wp:term":[{"taxonomy":"category","embeddable":true,"href":"https:\/\/www.opuzen.hr\/grad\/wp-json\/wp\/v2\/categories?post=7299"},{"taxonomy":"post_tag","embeddable":true,"href":"https:\/\/www.opuzen.hr\/grad\/wp-json\/wp\/v2\/tags?post=7299"}],"curies":[{"name":"wp","href":"https:\/\/api.w.org\/{rel}","templated":true}]}}