{"id":7794,"date":"2021-01-15T23:03:28","date_gmt":"2021-01-15T22:03:28","guid":{"rendered":"https:\/\/www.opuzen.hr\/grad\/?p=7794"},"modified":"2023-10-12T13:27:36","modified_gmt":"2023-10-12T11:27:36","slug":"upute-i-obavijesti-kandidatima-za-prijam-sluzbenika-referent-komunalni-redar","status":"publish","type":"post","link":"https:\/\/www.opuzen.hr\/grad\/upute-i-obavijesti-kandidatima-za-prijam-sluzbenika-referent-komunalni-redar\/","title":{"rendered":"Upute i obavijesti kandidatima za prijam slu\u017ebenika Referent &#8211; komunalni redar"},"content":{"rendered":"<p>U \u201eNarodnim novinama\u201c, broj 04. od 15. sije\u010dnja 2021. godine, objavljen je Natje\u010daj za prijam slu\u017ebenika na neodre\u0111eno vrijeme, u Jedinstveni upravni odjel Grada Opuzena, Odsjek za dru\u0161tvene djelatnosti, gospodarstvo i komunalne poslove, na radno mjesto Referent &#8211; komunalni redar &#8211; 1 izvr\u0161itelj\/ica, uz probni rad u trajanju od tri mjeseca.<\/p>\n<p><strong>Opis poslova<\/strong><br \/>\n<strong>Referent &#8211; komunalni redar<\/strong> obavlja sljede\u0107e poslove:<\/p>\n<ul>\n<li>poslove komunalnog redarstva, izdavanje rje\u0161enja fizi\u010dkim i pravnim osobama u svrhu odr\u017eavanja komunalnog reda, izricanje mandatnih kazni, predlaganje pokretanja prekr\u0161ajnog postupka,<\/li>\n<li>vr\u0161i nadzor nad provedbom odredbi komunalnog reda, te drugih propisa, kao i akata Gradskog vije\u0107a, Gradona\u010delnika i Jedinstvenog upravnog odjela, donesenih na temelju Zakona o komunalnom gospodarstvu.<\/li>\n<\/ul>\n<p><strong>Podaci o pla\u0107i:<\/strong><\/p>\n<p>Pla\u0107u slu\u017ebenika \u010dini umno\u017eak koeficijenta slo\u017eenosti poslova radnog mjesta na koje je slu\u017ebenik raspore\u0111en (2,40)\u00a0 i osnovice za obra\u010dun pla\u0107e u visini od 2.585,00 kuna, uve\u0107an za 0,5% za svaku navr\u0161enu godinu radnog sta\u017ea.<\/p>\n<p><strong>Prethodna provjera znanja i sposobnosti:<\/strong><\/p>\n<p>Prethodna provjera znanja i sposobnosti kandidata obavlja se putem pisanog testiranja i intervjua.<\/p>\n<p>Datum prethodne provjere znanja i imena kandidata koji ispunjavaju formalne uvjete natje\u010daja s kojima \u0107e se provesti testiranje bit \u0107e objavljeni na internet stranici <a href=\"http:\/\/www.opuzen.hr\/\">www.opuzen.hr<\/a> i na oglasnoj plo\u010di Grada Opuzena najmanje pet dana prije provjere znanja.<\/p>\n<p>Provjera znanja &#8211; pisano testiranje provest \u0107e se iz podru\u010dja lokalne samouprave, slu\u017ebeni\u010dkih odnosa, op\u0107ih akata Grada Opuzena i Zakona o komunalnom gospodarstvu.<\/p>\n<p><strong>Upute i obavijesti kandidatima za prijam slu\u017ebenika Referent &#8211; komunalni redar mo\u017eete preuzeti putem priloga sadr\u017eaja.<\/strong><\/p>\n<!-- WP Attachments -->\r\n        <div style=\"width:100%;margin:10px 0 10px 0;\">\r\n            <h3>Prilozi sadr\u017eaju:<\/h3>\r\n        <ul class=\"post-attachments\"><li class=\"post-attachment mime-application-msword\">                                \r\n<a target=\"_blank\" href=\"https:\/\/www.opuzen.hr\/grad\/upute-i-obavijesti-kandidatima-za-prijam-sluzbenika-referent-komunalni-redar\/?download=7797\">Upute i obavijesti kandidatima za prijam slu\u017ebenika Referent - komunalni redar<\/a><div style=\"float:right;\">45 kB \/ Preuzeto: 385<\/div>\r\n<br><small><\/small><\/li><\/ul><\/div>","protected":false},"excerpt":{"rendered":"<p>U \u201eNarodnim novinama\u201c, broj 04. od 15. sije\u010dnja 2021. godine, objavljen je Natje\u010daj za prijam&#8230;<\/p>\n","protected":false},"author":3,"featured_media":6638,"comment_status":"closed","ping_status":"closed","sticky":false,"template":"","format":"standard","meta":{"footnotes":""},"categories":[13,113],"tags":[18],"class_list":["post-7794","post","type-post","status-publish","format-standard","has-post-thumbnail","hentry","category-natjecaji","category-natjecaji-grad-opuzen","tag-natjecaji","wpcat-13-id","wpcat-113-id"],"yoast_head":"<!-- This site is optimized with the Yoast SEO plugin v23.1 - https:\/\/yoast.com\/wordpress\/plugins\/seo\/ -->\n<title>Upute i obavijesti kandidatima za prijam slu\u017ebenika Referent - komunalni redar - Grad Opuzen<\/title>\n<meta name=\"robots\" content=\"index, follow, max-snippet:-1, max-image-preview:large, max-video-preview:-1\" \/>\n<link rel=\"canonical\" href=\"https:\/\/www.opuzen.hr\/grad\/upute-i-obavijesti-kandidatima-za-prijam-sluzbenika-referent-komunalni-redar\/\" \/>\n<meta property=\"og:locale\" content=\"hr_HR\" \/>\n<meta property=\"og:type\" content=\"article\" \/>\n<meta property=\"og:title\" content=\"Upute i obavijesti kandidatima za prijam slu\u017ebenika Referent - komunalni redar - Grad Opuzen\" \/>\n<meta property=\"og:description\" content=\"U \u201eNarodnim novinama\u201c, broj 04. od 15. sije\u010dnja 2021. godine, objavljen je Natje\u010daj za prijam...\" \/>\n<meta property=\"og:url\" content=\"https:\/\/www.opuzen.hr\/grad\/upute-i-obavijesti-kandidatima-za-prijam-sluzbenika-referent-komunalni-redar\/\" \/>\n<meta property=\"og:site_name\" content=\"Grad Opuzen\" \/>\n<meta property=\"article:published_time\" content=\"2021-01-15T22:03:28+00:00\" \/>\n<meta property=\"article:modified_time\" content=\"2023-10-12T11:27:36+00:00\" \/>\n<meta property=\"og:image\" content=\"https:\/\/www.opuzen.hr\/grad\/wp-content\/uploads\/2020\/03\/opuzen-logo-sredina2.png\" \/>\n\t<meta property=\"og:image:width\" content=\"797\" \/>\n\t<meta property=\"og:image:height\" content=\"493\" \/>\n\t<meta property=\"og:image:type\" content=\"image\/png\" \/>\n<meta name=\"author\" content=\"Grad Opuzen\" \/>\n<meta name=\"twitter:card\" content=\"summary_large_image\" \/>\n<meta name=\"twitter:label1\" content=\"Napisao\/la\" \/>\n\t<meta name=\"twitter:data1\" content=\"Grad Opuzen\" \/>\n\t<meta name=\"twitter:label2\" content=\"Procijenjeno vrijeme \u010ditanja\" \/>\n\t<meta name=\"twitter:data2\" content=\"1 minuta\" \/>\n<script type=\"application\/ld+json\" class=\"yoast-schema-graph\">{\"@context\":\"https:\/\/schema.org\",\"@graph\":[{\"@type\":\"Article\",\"@id\":\"https:\/\/www.opuzen.hr\/grad\/upute-i-obavijesti-kandidatima-za-prijam-sluzbenika-referent-komunalni-redar\/#article\",\"isPartOf\":{\"@id\":\"https:\/\/www.opuzen.hr\/grad\/upute-i-obavijesti-kandidatima-za-prijam-sluzbenika-referent-komunalni-redar\/\"},\"author\":{\"name\":\"Grad Opuzen\",\"@id\":\"https:\/\/www.opuzen.hr\/grad\/#\/schema\/person\/0a17a9796898e9409a1fa4ca7448a481\"},\"headline\":\"Upute i obavijesti kandidatima za prijam slu\u017ebenika Referent &#8211; komunalni redar\",\"datePublished\":\"2021-01-15T22:03:28+00:00\",\"dateModified\":\"2023-10-12T11:27:36+00:00\",\"mainEntityOfPage\":{\"@id\":\"https:\/\/www.opuzen.hr\/grad\/upute-i-obavijesti-kandidatima-za-prijam-sluzbenika-referent-komunalni-redar\/\"},\"wordCount\":282,\"publisher\":{\"@id\":\"https:\/\/www.opuzen.hr\/grad\/#organization\"},\"image\":{\"@id\":\"https:\/\/www.opuzen.hr\/grad\/upute-i-obavijesti-kandidatima-za-prijam-sluzbenika-referent-komunalni-redar\/#primaryimage\"},\"thumbnailUrl\":\"https:\/\/www.opuzen.hr\/grad\/wp-content\/uploads\/2020\/03\/opuzen-logo-sredina2.png\",\"keywords\":[\"Natje\u010daji\"],\"articleSection\":[\"Natje\u010daji\",\"Natje\u010daji Grad Opuzen\"],\"inLanguage\":\"hr\"},{\"@type\":\"WebPage\",\"@id\":\"https:\/\/www.opuzen.hr\/grad\/upute-i-obavijesti-kandidatima-za-prijam-sluzbenika-referent-komunalni-redar\/\",\"url\":\"https:\/\/www.opuzen.hr\/grad\/upute-i-obavijesti-kandidatima-za-prijam-sluzbenika-referent-komunalni-redar\/\",\"name\":\"Upute i obavijesti kandidatima za prijam slu\u017ebenika Referent - komunalni redar - Grad Opuzen\",\"isPartOf\":{\"@id\":\"https:\/\/www.opuzen.hr\/grad\/#website\"},\"primaryImageOfPage\":{\"@id\":\"https:\/\/www.opuzen.hr\/grad\/upute-i-obavijesti-kandidatima-za-prijam-sluzbenika-referent-komunalni-redar\/#primaryimage\"},\"image\":{\"@id\":\"https:\/\/www.opuzen.hr\/grad\/upute-i-obavijesti-kandidatima-za-prijam-sluzbenika-referent-komunalni-redar\/#primaryimage\"},\"thumbnailUrl\":\"https:\/\/www.opuzen.hr\/grad\/wp-content\/uploads\/2020\/03\/opuzen-logo-sredina2.png\",\"datePublished\":\"2021-01-15T22:03:28+00:00\",\"dateModified\":\"2023-10-12T11:27:36+00:00\",\"breadcrumb\":{\"@id\":\"https:\/\/www.opuzen.hr\/grad\/upute-i-obavijesti-kandidatima-za-prijam-sluzbenika-referent-komunalni-redar\/#breadcrumb\"},\"inLanguage\":\"hr\",\"potentialAction\":[{\"@type\":\"ReadAction\",\"target\":[\"https:\/\/www.opuzen.hr\/grad\/upute-i-obavijesti-kandidatima-za-prijam-sluzbenika-referent-komunalni-redar\/\"]}]},{\"@type\":\"ImageObject\",\"inLanguage\":\"hr\",\"@id\":\"https:\/\/www.opuzen.hr\/grad\/upute-i-obavijesti-kandidatima-za-prijam-sluzbenika-referent-komunalni-redar\/#primaryimage\",\"url\":\"https:\/\/www.opuzen.hr\/grad\/wp-content\/uploads\/2020\/03\/opuzen-logo-sredina2.png\",\"contentUrl\":\"https:\/\/www.opuzen.hr\/grad\/wp-content\/uploads\/2020\/03\/opuzen-logo-sredina2.png\",\"width\":797,\"height\":493},{\"@type\":\"BreadcrumbList\",\"@id\":\"https:\/\/www.opuzen.hr\/grad\/upute-i-obavijesti-kandidatima-za-prijam-sluzbenika-referent-komunalni-redar\/#breadcrumb\",\"itemListElement\":[{\"@type\":\"ListItem\",\"position\":1,\"name\":\"Po\u010detna stranica\",\"item\":\"https:\/\/www.opuzen.hr\/grad\/\"},{\"@type\":\"ListItem\",\"position\":2,\"name\":\"Upute i obavijesti kandidatima za prijam slu\u017ebenika Referent &#8211; komunalni redar\"}]},{\"@type\":\"WebSite\",\"@id\":\"https:\/\/www.opuzen.hr\/grad\/#website\",\"url\":\"https:\/\/www.opuzen.hr\/grad\/\",\"name\":\"Grad Opuzen\",\"description\":\"Slu\u017ebene mre\u017ene stranice Grada Opuzena\",\"publisher\":{\"@id\":\"https:\/\/www.opuzen.hr\/grad\/#organization\"},\"potentialAction\":[{\"@type\":\"SearchAction\",\"target\":{\"@type\":\"EntryPoint\",\"urlTemplate\":\"https:\/\/www.opuzen.hr\/grad\/?s={search_term_string}\"},\"query-input\":\"required name=search_term_string\"}],\"inLanguage\":\"hr\"},{\"@type\":\"Organization\",\"@id\":\"https:\/\/www.opuzen.hr\/grad\/#organization\",\"name\":\"Grad Opuzen\",\"url\":\"https:\/\/www.opuzen.hr\/grad\/\",\"logo\":{\"@type\":\"ImageObject\",\"inLanguage\":\"hr\",\"@id\":\"https:\/\/www.opuzen.hr\/grad\/#\/schema\/logo\/image\/\",\"url\":\"https:\/\/www.opuzen.hr\/grad\/wp-content\/uploads\/2018\/02\/logo-opuzen.jpg\",\"contentUrl\":\"https:\/\/www.opuzen.hr\/grad\/wp-content\/uploads\/2018\/02\/logo-opuzen.jpg\",\"width\":400,\"height\":400,\"caption\":\"Grad Opuzen\"},\"image\":{\"@id\":\"https:\/\/www.opuzen.hr\/grad\/#\/schema\/logo\/image\/\"}},{\"@type\":\"Person\",\"@id\":\"https:\/\/www.opuzen.hr\/grad\/#\/schema\/person\/0a17a9796898e9409a1fa4ca7448a481\",\"name\":\"Grad Opuzen\",\"image\":{\"@type\":\"ImageObject\",\"inLanguage\":\"hr\",\"@id\":\"https:\/\/www.opuzen.hr\/grad\/#\/schema\/person\/image\/\",\"url\":\"https:\/\/secure.gravatar.com\/avatar\/0c54089de4fcf14c0fe3355109a3ac05?s=96&d=mm&r=g\",\"contentUrl\":\"https:\/\/secure.gravatar.com\/avatar\/0c54089de4fcf14c0fe3355109a3ac05?s=96&d=mm&r=g\",\"caption\":\"Grad Opuzen\"},\"url\":\"https:\/\/www.opuzen.hr\/grad\/author\/admin\/\"}]}<\/script>\n<!-- \/ Yoast SEO plugin. -->","yoast_head_json":{"title":"Upute i obavijesti kandidatima za prijam slu\u017ebenika Referent - komunalni redar - Grad Opuzen","robots":{"index":"index","follow":"follow","max-snippet":"max-snippet:-1","max-image-preview":"max-image-preview:large","max-video-preview":"max-video-preview:-1"},"canonical":"https:\/\/www.opuzen.hr\/grad\/upute-i-obavijesti-kandidatima-za-prijam-sluzbenika-referent-komunalni-redar\/","og_locale":"hr_HR","og_type":"article","og_title":"Upute i obavijesti kandidatima za prijam slu\u017ebenika Referent - komunalni redar - Grad Opuzen","og_description":"U \u201eNarodnim novinama\u201c, broj 04. od 15. sije\u010dnja 2021. godine, objavljen je Natje\u010daj za prijam...","og_url":"https:\/\/www.opuzen.hr\/grad\/upute-i-obavijesti-kandidatima-za-prijam-sluzbenika-referent-komunalni-redar\/","og_site_name":"Grad Opuzen","article_published_time":"2021-01-15T22:03:28+00:00","article_modified_time":"2023-10-12T11:27:36+00:00","og_image":[{"width":797,"height":493,"url":"https:\/\/www.opuzen.hr\/grad\/wp-content\/uploads\/2020\/03\/opuzen-logo-sredina2.png","type":"image\/png"}],"author":"Grad Opuzen","twitter_card":"summary_large_image","twitter_misc":{"Napisao\/la":"Grad Opuzen","Procijenjeno vrijeme \u010ditanja":"1 minuta"},"schema":{"@context":"https:\/\/schema.org","@graph":[{"@type":"Article","@id":"https:\/\/www.opuzen.hr\/grad\/upute-i-obavijesti-kandidatima-za-prijam-sluzbenika-referent-komunalni-redar\/#article","isPartOf":{"@id":"https:\/\/www.opuzen.hr\/grad\/upute-i-obavijesti-kandidatima-za-prijam-sluzbenika-referent-komunalni-redar\/"},"author":{"name":"Grad Opuzen","@id":"https:\/\/www.opuzen.hr\/grad\/#\/schema\/person\/0a17a9796898e9409a1fa4ca7448a481"},"headline":"Upute i obavijesti kandidatima za prijam slu\u017ebenika Referent &#8211; komunalni redar","datePublished":"2021-01-15T22:03:28+00:00","dateModified":"2023-10-12T11:27:36+00:00","mainEntityOfPage":{"@id":"https:\/\/www.opuzen.hr\/grad\/upute-i-obavijesti-kandidatima-za-prijam-sluzbenika-referent-komunalni-redar\/"},"wordCount":282,"publisher":{"@id":"https:\/\/www.opuzen.hr\/grad\/#organization"},"image":{"@id":"https:\/\/www.opuzen.hr\/grad\/upute-i-obavijesti-kandidatima-za-prijam-sluzbenika-referent-komunalni-redar\/#primaryimage"},"thumbnailUrl":"https:\/\/www.opuzen.hr\/grad\/wp-content\/uploads\/2020\/03\/opuzen-logo-sredina2.png","keywords":["Natje\u010daji"],"articleSection":["Natje\u010daji","Natje\u010daji Grad Opuzen"],"inLanguage":"hr"},{"@type":"WebPage","@id":"https:\/\/www.opuzen.hr\/grad\/upute-i-obavijesti-kandidatima-za-prijam-sluzbenika-referent-komunalni-redar\/","url":"https:\/\/www.opuzen.hr\/grad\/upute-i-obavijesti-kandidatima-za-prijam-sluzbenika-referent-komunalni-redar\/","name":"Upute i obavijesti kandidatima za prijam slu\u017ebenika Referent - komunalni redar - Grad Opuzen","isPartOf":{"@id":"https:\/\/www.opuzen.hr\/grad\/#website"},"primaryImageOfPage":{"@id":"https:\/\/www.opuzen.hr\/grad\/upute-i-obavijesti-kandidatima-za-prijam-sluzbenika-referent-komunalni-redar\/#primaryimage"},"image":{"@id":"https:\/\/www.opuzen.hr\/grad\/upute-i-obavijesti-kandidatima-za-prijam-sluzbenika-referent-komunalni-redar\/#primaryimage"},"thumbnailUrl":"https:\/\/www.opuzen.hr\/grad\/wp-content\/uploads\/2020\/03\/opuzen-logo-sredina2.png","datePublished":"2021-01-15T22:03:28+00:00","dateModified":"2023-10-12T11:27:36+00:00","breadcrumb":{"@id":"https:\/\/www.opuzen.hr\/grad\/upute-i-obavijesti-kandidatima-za-prijam-sluzbenika-referent-komunalni-redar\/#breadcrumb"},"inLanguage":"hr","potentialAction":[{"@type":"ReadAction","target":["https:\/\/www.opuzen.hr\/grad\/upute-i-obavijesti-kandidatima-za-prijam-sluzbenika-referent-komunalni-redar\/"]}]},{"@type":"ImageObject","inLanguage":"hr","@id":"https:\/\/www.opuzen.hr\/grad\/upute-i-obavijesti-kandidatima-za-prijam-sluzbenika-referent-komunalni-redar\/#primaryimage","url":"https:\/\/www.opuzen.hr\/grad\/wp-content\/uploads\/2020\/03\/opuzen-logo-sredina2.png","contentUrl":"https:\/\/www.opuzen.hr\/grad\/wp-content\/uploads\/2020\/03\/opuzen-logo-sredina2.png","width":797,"height":493},{"@type":"BreadcrumbList","@id":"https:\/\/www.opuzen.hr\/grad\/upute-i-obavijesti-kandidatima-za-prijam-sluzbenika-referent-komunalni-redar\/#breadcrumb","itemListElement":[{"@type":"ListItem","position":1,"name":"Po\u010detna stranica","item":"https:\/\/www.opuzen.hr\/grad\/"},{"@type":"ListItem","position":2,"name":"Upute i obavijesti kandidatima za prijam slu\u017ebenika Referent &#8211; komunalni redar"}]},{"@type":"WebSite","@id":"https:\/\/www.opuzen.hr\/grad\/#website","url":"https:\/\/www.opuzen.hr\/grad\/","name":"Grad Opuzen","description":"Slu\u017ebene mre\u017ene stranice Grada Opuzena","publisher":{"@id":"https:\/\/www.opuzen.hr\/grad\/#organization"},"potentialAction":[{"@type":"SearchAction","target":{"@type":"EntryPoint","urlTemplate":"https:\/\/www.opuzen.hr\/grad\/?s={search_term_string}"},"query-input":"required name=search_term_string"}],"inLanguage":"hr"},{"@type":"Organization","@id":"https:\/\/www.opuzen.hr\/grad\/#organization","name":"Grad Opuzen","url":"https:\/\/www.opuzen.hr\/grad\/","logo":{"@type":"ImageObject","inLanguage":"hr","@id":"https:\/\/www.opuzen.hr\/grad\/#\/schema\/logo\/image\/","url":"https:\/\/www.opuzen.hr\/grad\/wp-content\/uploads\/2018\/02\/logo-opuzen.jpg","contentUrl":"https:\/\/www.opuzen.hr\/grad\/wp-content\/uploads\/2018\/02\/logo-opuzen.jpg","width":400,"height":400,"caption":"Grad Opuzen"},"image":{"@id":"https:\/\/www.opuzen.hr\/grad\/#\/schema\/logo\/image\/"}},{"@type":"Person","@id":"https:\/\/www.opuzen.hr\/grad\/#\/schema\/person\/0a17a9796898e9409a1fa4ca7448a481","name":"Grad Opuzen","image":{"@type":"ImageObject","inLanguage":"hr","@id":"https:\/\/www.opuzen.hr\/grad\/#\/schema\/person\/image\/","url":"https:\/\/secure.gravatar.com\/avatar\/0c54089de4fcf14c0fe3355109a3ac05?s=96&d=mm&r=g","contentUrl":"https:\/\/secure.gravatar.com\/avatar\/0c54089de4fcf14c0fe3355109a3ac05?s=96&d=mm&r=g","caption":"Grad Opuzen"},"url":"https:\/\/www.opuzen.hr\/grad\/author\/admin\/"}]}},"_links":{"self":[{"href":"https:\/\/www.opuzen.hr\/grad\/wp-json\/wp\/v2\/posts\/7794"}],"collection":[{"href":"https:\/\/www.opuzen.hr\/grad\/wp-json\/wp\/v2\/posts"}],"about":[{"href":"https:\/\/www.opuzen.hr\/grad\/wp-json\/wp\/v2\/types\/post"}],"author":[{"embeddable":true,"href":"https:\/\/www.opuzen.hr\/grad\/wp-json\/wp\/v2\/users\/3"}],"replies":[{"embeddable":true,"href":"https:\/\/www.opuzen.hr\/grad\/wp-json\/wp\/v2\/comments?post=7794"}],"version-history":[{"count":1,"href":"https:\/\/www.opuzen.hr\/grad\/wp-json\/wp\/v2\/posts\/7794\/revisions"}],"predecessor-version":[{"id":7798,"href":"https:\/\/www.opuzen.hr\/grad\/wp-json\/wp\/v2\/posts\/7794\/revisions\/7798"}],"wp:featuredmedia":[{"embeddable":true,"href":"https:\/\/www.opuzen.hr\/grad\/wp-json\/wp\/v2\/media\/6638"}],"wp:attachment":[{"href":"https:\/\/www.opuzen.hr\/grad\/wp-json\/wp\/v2\/media?parent=7794"}],"wp:term":[{"taxonomy":"category","embeddable":true,"href":"https:\/\/www.opuzen.hr\/grad\/wp-json\/wp\/v2\/categories?post=7794"},{"taxonomy":"post_tag","embeddable":true,"href":"https:\/\/www.opuzen.hr\/grad\/wp-json\/wp\/v2\/tags?post=7794"}],"curies":[{"name":"wp","href":"https:\/\/api.w.org\/{rel}","templated":true}]}}