{"id":8365,"date":"2021-07-05T10:05:11","date_gmt":"2021-07-05T08:05:11","guid":{"rendered":"https:\/\/www.opuzen.hr\/grad\/?p=8365"},"modified":"2023-10-12T13:27:09","modified_gmt":"2023-10-12T11:27:09","slug":"grad-opuzen-dodijelit-ce-stipendije-ucenicima-deficitarnih-zanimanja","status":"publish","type":"post","link":"https:\/\/www.opuzen.hr\/grad\/grad-opuzen-dodijelit-ce-stipendije-ucenicima-deficitarnih-zanimanja\/","title":{"rendered":"Grad Opuzen dodijelit \u0107e stipendije u\u010denicima deficitarnih zanimanja"},"content":{"rendered":"<p>U tijeku je izmjena i dopuna <strong>Pravilnika o stipendiranju studenata sa podru\u010dja grada Opuzena<\/strong> koje bi trebale biti usvojene na prvoj sljede\u0107oj sjednici Gradskog vije\u0107a.<\/p>\n<p>Od ove \u0161kolske godine, u navedeni Pravilnik, biti \u0107e uvr\u0161teni, <strong>osim studenata, u\u010denici srednjih \u0161kola sa podru\u010dja grada Opuzena koji upisuju prvi razred srednje \u0161kole, a \u010diji je odabir budu\u0107eg zanimanja deficitarno zanimanje.<\/strong><\/p>\n<p>Za sve daljnje informacije molimo da pratite slu\u017ebene stranice Grada Opuzena na kojoj \u0107e biti pravovremeno objavljene sve potrebne obavijesti.<\/p>\n","protected":false},"excerpt":{"rendered":"<p>U tijeku je izmjena i dopuna Pravilnika o stipendiranju studenata sa podru\u010dja grada Opuzena koje&#8230;<\/p>\n","protected":false},"author":3,"featured_media":8366,"comment_status":"closed","ping_status":"closed","sticky":false,"template":"","format":"standard","meta":{"footnotes":""},"categories":[4,3,85],"tags":[],"class_list":["post-8365","post","type-post","status-publish","format-standard","has-post-thumbnail","hentry","category-novosti","category-obavijesti-gradanima","category-obrazovanje","wpcat-4-id","wpcat-3-id","wpcat-85-id"],"yoast_head":"<!-- This site is optimized with the Yoast SEO plugin v23.1 - https:\/\/yoast.com\/wordpress\/plugins\/seo\/ -->\n<title>Grad Opuzen dodijelit \u0107e stipendije u\u010denicima deficitarnih zanimanja - Grad Opuzen<\/title>\n<meta name=\"robots\" content=\"index, follow, max-snippet:-1, max-image-preview:large, max-video-preview:-1\" \/>\n<link rel=\"canonical\" href=\"https:\/\/www.opuzen.hr\/grad\/grad-opuzen-dodijelit-ce-stipendije-ucenicima-deficitarnih-zanimanja\/\" \/>\n<meta property=\"og:locale\" content=\"hr_HR\" \/>\n<meta property=\"og:type\" content=\"article\" \/>\n<meta property=\"og:title\" content=\"Grad Opuzen dodijelit \u0107e stipendije u\u010denicima deficitarnih zanimanja - Grad Opuzen\" \/>\n<meta property=\"og:description\" content=\"U tijeku je izmjena i dopuna Pravilnika o stipendiranju studenata sa podru\u010dja grada Opuzena koje...\" \/>\n<meta property=\"og:url\" content=\"https:\/\/www.opuzen.hr\/grad\/grad-opuzen-dodijelit-ce-stipendije-ucenicima-deficitarnih-zanimanja\/\" \/>\n<meta property=\"og:site_name\" content=\"Grad Opuzen\" \/>\n<meta property=\"article:published_time\" content=\"2021-07-05T08:05:11+00:00\" \/>\n<meta property=\"article:modified_time\" content=\"2023-10-12T11:27:09+00:00\" \/>\n<meta property=\"og:image\" content=\"https:\/\/www.opuzen.hr\/grad\/wp-content\/uploads\/2021\/06\/Stipendije.jpg\" \/>\n\t<meta property=\"og:image:width\" content=\"750\" \/>\n\t<meta property=\"og:image:height\" content=\"494\" \/>\n\t<meta property=\"og:image:type\" content=\"image\/jpeg\" \/>\n<meta name=\"author\" content=\"Grad Opuzen\" \/>\n<meta name=\"twitter:card\" content=\"summary_large_image\" \/>\n<meta name=\"twitter:label1\" content=\"Napisao\/la\" \/>\n\t<meta name=\"twitter:data1\" content=\"Grad Opuzen\" \/>\n<script type=\"application\/ld+json\" class=\"yoast-schema-graph\">{\"@context\":\"https:\/\/schema.org\",\"@graph\":[{\"@type\":\"Article\",\"@id\":\"https:\/\/www.opuzen.hr\/grad\/grad-opuzen-dodijelit-ce-stipendije-ucenicima-deficitarnih-zanimanja\/#article\",\"isPartOf\":{\"@id\":\"https:\/\/www.opuzen.hr\/grad\/grad-opuzen-dodijelit-ce-stipendije-ucenicima-deficitarnih-zanimanja\/\"},\"author\":{\"name\":\"Grad Opuzen\",\"@id\":\"https:\/\/www.opuzen.hr\/grad\/#\/schema\/person\/0a17a9796898e9409a1fa4ca7448a481\"},\"headline\":\"Grad Opuzen dodijelit \u0107e stipendije u\u010denicima deficitarnih zanimanja\",\"datePublished\":\"2021-07-05T08:05:11+00:00\",\"dateModified\":\"2023-10-12T11:27:09+00:00\",\"mainEntityOfPage\":{\"@id\":\"https:\/\/www.opuzen.hr\/grad\/grad-opuzen-dodijelit-ce-stipendije-ucenicima-deficitarnih-zanimanja\/\"},\"wordCount\":95,\"publisher\":{\"@id\":\"https:\/\/www.opuzen.hr\/grad\/#organization\"},\"image\":{\"@id\":\"https:\/\/www.opuzen.hr\/grad\/grad-opuzen-dodijelit-ce-stipendije-ucenicima-deficitarnih-zanimanja\/#primaryimage\"},\"thumbnailUrl\":\"https:\/\/www.opuzen.hr\/grad\/wp-content\/uploads\/2021\/06\/Stipendije.jpg\",\"articleSection\":[\"Novosti\",\"Obavijesti gra\u0111anima\",\"Obrazovanje\"],\"inLanguage\":\"hr\"},{\"@type\":\"WebPage\",\"@id\":\"https:\/\/www.opuzen.hr\/grad\/grad-opuzen-dodijelit-ce-stipendije-ucenicima-deficitarnih-zanimanja\/\",\"url\":\"https:\/\/www.opuzen.hr\/grad\/grad-opuzen-dodijelit-ce-stipendije-ucenicima-deficitarnih-zanimanja\/\",\"name\":\"Grad Opuzen dodijelit \u0107e stipendije u\u010denicima deficitarnih zanimanja - Grad Opuzen\",\"isPartOf\":{\"@id\":\"https:\/\/www.opuzen.hr\/grad\/#website\"},\"primaryImageOfPage\":{\"@id\":\"https:\/\/www.opuzen.hr\/grad\/grad-opuzen-dodijelit-ce-stipendije-ucenicima-deficitarnih-zanimanja\/#primaryimage\"},\"image\":{\"@id\":\"https:\/\/www.opuzen.hr\/grad\/grad-opuzen-dodijelit-ce-stipendije-ucenicima-deficitarnih-zanimanja\/#primaryimage\"},\"thumbnailUrl\":\"https:\/\/www.opuzen.hr\/grad\/wp-content\/uploads\/2021\/06\/Stipendije.jpg\",\"datePublished\":\"2021-07-05T08:05:11+00:00\",\"dateModified\":\"2023-10-12T11:27:09+00:00\",\"breadcrumb\":{\"@id\":\"https:\/\/www.opuzen.hr\/grad\/grad-opuzen-dodijelit-ce-stipendije-ucenicima-deficitarnih-zanimanja\/#breadcrumb\"},\"inLanguage\":\"hr\",\"potentialAction\":[{\"@type\":\"ReadAction\",\"target\":[\"https:\/\/www.opuzen.hr\/grad\/grad-opuzen-dodijelit-ce-stipendije-ucenicima-deficitarnih-zanimanja\/\"]}]},{\"@type\":\"ImageObject\",\"inLanguage\":\"hr\",\"@id\":\"https:\/\/www.opuzen.hr\/grad\/grad-opuzen-dodijelit-ce-stipendije-ucenicima-deficitarnih-zanimanja\/#primaryimage\",\"url\":\"https:\/\/www.opuzen.hr\/grad\/wp-content\/uploads\/2021\/06\/Stipendije.jpg\",\"contentUrl\":\"https:\/\/www.opuzen.hr\/grad\/wp-content\/uploads\/2021\/06\/Stipendije.jpg\",\"width\":750,\"height\":494},{\"@type\":\"BreadcrumbList\",\"@id\":\"https:\/\/www.opuzen.hr\/grad\/grad-opuzen-dodijelit-ce-stipendije-ucenicima-deficitarnih-zanimanja\/#breadcrumb\",\"itemListElement\":[{\"@type\":\"ListItem\",\"position\":1,\"name\":\"Po\u010detna stranica\",\"item\":\"https:\/\/www.opuzen.hr\/grad\/\"},{\"@type\":\"ListItem\",\"position\":2,\"name\":\"Grad Opuzen dodijelit \u0107e stipendije u\u010denicima deficitarnih zanimanja\"}]},{\"@type\":\"WebSite\",\"@id\":\"https:\/\/www.opuzen.hr\/grad\/#website\",\"url\":\"https:\/\/www.opuzen.hr\/grad\/\",\"name\":\"Grad Opuzen\",\"description\":\"Slu\u017ebene mre\u017ene stranice Grada Opuzena\",\"publisher\":{\"@id\":\"https:\/\/www.opuzen.hr\/grad\/#organization\"},\"potentialAction\":[{\"@type\":\"SearchAction\",\"target\":{\"@type\":\"EntryPoint\",\"urlTemplate\":\"https:\/\/www.opuzen.hr\/grad\/?s={search_term_string}\"},\"query-input\":\"required name=search_term_string\"}],\"inLanguage\":\"hr\"},{\"@type\":\"Organization\",\"@id\":\"https:\/\/www.opuzen.hr\/grad\/#organization\",\"name\":\"Grad Opuzen\",\"url\":\"https:\/\/www.opuzen.hr\/grad\/\",\"logo\":{\"@type\":\"ImageObject\",\"inLanguage\":\"hr\",\"@id\":\"https:\/\/www.opuzen.hr\/grad\/#\/schema\/logo\/image\/\",\"url\":\"https:\/\/www.opuzen.hr\/grad\/wp-content\/uploads\/2018\/02\/logo-opuzen.jpg\",\"contentUrl\":\"https:\/\/www.opuzen.hr\/grad\/wp-content\/uploads\/2018\/02\/logo-opuzen.jpg\",\"width\":400,\"height\":400,\"caption\":\"Grad Opuzen\"},\"image\":{\"@id\":\"https:\/\/www.opuzen.hr\/grad\/#\/schema\/logo\/image\/\"}},{\"@type\":\"Person\",\"@id\":\"https:\/\/www.opuzen.hr\/grad\/#\/schema\/person\/0a17a9796898e9409a1fa4ca7448a481\",\"name\":\"Grad Opuzen\",\"image\":{\"@type\":\"ImageObject\",\"inLanguage\":\"hr\",\"@id\":\"https:\/\/www.opuzen.hr\/grad\/#\/schema\/person\/image\/\",\"url\":\"https:\/\/secure.gravatar.com\/avatar\/0c54089de4fcf14c0fe3355109a3ac05?s=96&d=mm&r=g\",\"contentUrl\":\"https:\/\/secure.gravatar.com\/avatar\/0c54089de4fcf14c0fe3355109a3ac05?s=96&d=mm&r=g\",\"caption\":\"Grad Opuzen\"},\"url\":\"https:\/\/www.opuzen.hr\/grad\/author\/admin\/\"}]}<\/script>\n<!-- \/ Yoast SEO plugin. -->","yoast_head_json":{"title":"Grad Opuzen dodijelit \u0107e stipendije u\u010denicima deficitarnih zanimanja - Grad Opuzen","robots":{"index":"index","follow":"follow","max-snippet":"max-snippet:-1","max-image-preview":"max-image-preview:large","max-video-preview":"max-video-preview:-1"},"canonical":"https:\/\/www.opuzen.hr\/grad\/grad-opuzen-dodijelit-ce-stipendije-ucenicima-deficitarnih-zanimanja\/","og_locale":"hr_HR","og_type":"article","og_title":"Grad Opuzen dodijelit \u0107e stipendije u\u010denicima deficitarnih zanimanja - Grad Opuzen","og_description":"U tijeku je izmjena i dopuna Pravilnika o stipendiranju studenata sa podru\u010dja grada Opuzena koje...","og_url":"https:\/\/www.opuzen.hr\/grad\/grad-opuzen-dodijelit-ce-stipendije-ucenicima-deficitarnih-zanimanja\/","og_site_name":"Grad Opuzen","article_published_time":"2021-07-05T08:05:11+00:00","article_modified_time":"2023-10-12T11:27:09+00:00","og_image":[{"width":750,"height":494,"url":"https:\/\/www.opuzen.hr\/grad\/wp-content\/uploads\/2021\/06\/Stipendije.jpg","type":"image\/jpeg"}],"author":"Grad Opuzen","twitter_card":"summary_large_image","twitter_misc":{"Napisao\/la":"Grad Opuzen"},"schema":{"@context":"https:\/\/schema.org","@graph":[{"@type":"Article","@id":"https:\/\/www.opuzen.hr\/grad\/grad-opuzen-dodijelit-ce-stipendije-ucenicima-deficitarnih-zanimanja\/#article","isPartOf":{"@id":"https:\/\/www.opuzen.hr\/grad\/grad-opuzen-dodijelit-ce-stipendije-ucenicima-deficitarnih-zanimanja\/"},"author":{"name":"Grad Opuzen","@id":"https:\/\/www.opuzen.hr\/grad\/#\/schema\/person\/0a17a9796898e9409a1fa4ca7448a481"},"headline":"Grad Opuzen dodijelit \u0107e stipendije u\u010denicima deficitarnih zanimanja","datePublished":"2021-07-05T08:05:11+00:00","dateModified":"2023-10-12T11:27:09+00:00","mainEntityOfPage":{"@id":"https:\/\/www.opuzen.hr\/grad\/grad-opuzen-dodijelit-ce-stipendije-ucenicima-deficitarnih-zanimanja\/"},"wordCount":95,"publisher":{"@id":"https:\/\/www.opuzen.hr\/grad\/#organization"},"image":{"@id":"https:\/\/www.opuzen.hr\/grad\/grad-opuzen-dodijelit-ce-stipendije-ucenicima-deficitarnih-zanimanja\/#primaryimage"},"thumbnailUrl":"https:\/\/www.opuzen.hr\/grad\/wp-content\/uploads\/2021\/06\/Stipendije.jpg","articleSection":["Novosti","Obavijesti gra\u0111anima","Obrazovanje"],"inLanguage":"hr"},{"@type":"WebPage","@id":"https:\/\/www.opuzen.hr\/grad\/grad-opuzen-dodijelit-ce-stipendije-ucenicima-deficitarnih-zanimanja\/","url":"https:\/\/www.opuzen.hr\/grad\/grad-opuzen-dodijelit-ce-stipendije-ucenicima-deficitarnih-zanimanja\/","name":"Grad Opuzen dodijelit \u0107e stipendije u\u010denicima deficitarnih zanimanja - Grad Opuzen","isPartOf":{"@id":"https:\/\/www.opuzen.hr\/grad\/#website"},"primaryImageOfPage":{"@id":"https:\/\/www.opuzen.hr\/grad\/grad-opuzen-dodijelit-ce-stipendije-ucenicima-deficitarnih-zanimanja\/#primaryimage"},"image":{"@id":"https:\/\/www.opuzen.hr\/grad\/grad-opuzen-dodijelit-ce-stipendije-ucenicima-deficitarnih-zanimanja\/#primaryimage"},"thumbnailUrl":"https:\/\/www.opuzen.hr\/grad\/wp-content\/uploads\/2021\/06\/Stipendije.jpg","datePublished":"2021-07-05T08:05:11+00:00","dateModified":"2023-10-12T11:27:09+00:00","breadcrumb":{"@id":"https:\/\/www.opuzen.hr\/grad\/grad-opuzen-dodijelit-ce-stipendije-ucenicima-deficitarnih-zanimanja\/#breadcrumb"},"inLanguage":"hr","potentialAction":[{"@type":"ReadAction","target":["https:\/\/www.opuzen.hr\/grad\/grad-opuzen-dodijelit-ce-stipendije-ucenicima-deficitarnih-zanimanja\/"]}]},{"@type":"ImageObject","inLanguage":"hr","@id":"https:\/\/www.opuzen.hr\/grad\/grad-opuzen-dodijelit-ce-stipendije-ucenicima-deficitarnih-zanimanja\/#primaryimage","url":"https:\/\/www.opuzen.hr\/grad\/wp-content\/uploads\/2021\/06\/Stipendije.jpg","contentUrl":"https:\/\/www.opuzen.hr\/grad\/wp-content\/uploads\/2021\/06\/Stipendije.jpg","width":750,"height":494},{"@type":"BreadcrumbList","@id":"https:\/\/www.opuzen.hr\/grad\/grad-opuzen-dodijelit-ce-stipendije-ucenicima-deficitarnih-zanimanja\/#breadcrumb","itemListElement":[{"@type":"ListItem","position":1,"name":"Po\u010detna stranica","item":"https:\/\/www.opuzen.hr\/grad\/"},{"@type":"ListItem","position":2,"name":"Grad Opuzen dodijelit \u0107e stipendije u\u010denicima deficitarnih zanimanja"}]},{"@type":"WebSite","@id":"https:\/\/www.opuzen.hr\/grad\/#website","url":"https:\/\/www.opuzen.hr\/grad\/","name":"Grad Opuzen","description":"Slu\u017ebene mre\u017ene stranice Grada Opuzena","publisher":{"@id":"https:\/\/www.opuzen.hr\/grad\/#organization"},"potentialAction":[{"@type":"SearchAction","target":{"@type":"EntryPoint","urlTemplate":"https:\/\/www.opuzen.hr\/grad\/?s={search_term_string}"},"query-input":"required name=search_term_string"}],"inLanguage":"hr"},{"@type":"Organization","@id":"https:\/\/www.opuzen.hr\/grad\/#organization","name":"Grad Opuzen","url":"https:\/\/www.opuzen.hr\/grad\/","logo":{"@type":"ImageObject","inLanguage":"hr","@id":"https:\/\/www.opuzen.hr\/grad\/#\/schema\/logo\/image\/","url":"https:\/\/www.opuzen.hr\/grad\/wp-content\/uploads\/2018\/02\/logo-opuzen.jpg","contentUrl":"https:\/\/www.opuzen.hr\/grad\/wp-content\/uploads\/2018\/02\/logo-opuzen.jpg","width":400,"height":400,"caption":"Grad Opuzen"},"image":{"@id":"https:\/\/www.opuzen.hr\/grad\/#\/schema\/logo\/image\/"}},{"@type":"Person","@id":"https:\/\/www.opuzen.hr\/grad\/#\/schema\/person\/0a17a9796898e9409a1fa4ca7448a481","name":"Grad Opuzen","image":{"@type":"ImageObject","inLanguage":"hr","@id":"https:\/\/www.opuzen.hr\/grad\/#\/schema\/person\/image\/","url":"https:\/\/secure.gravatar.com\/avatar\/0c54089de4fcf14c0fe3355109a3ac05?s=96&d=mm&r=g","contentUrl":"https:\/\/secure.gravatar.com\/avatar\/0c54089de4fcf14c0fe3355109a3ac05?s=96&d=mm&r=g","caption":"Grad Opuzen"},"url":"https:\/\/www.opuzen.hr\/grad\/author\/admin\/"}]}},"_links":{"self":[{"href":"https:\/\/www.opuzen.hr\/grad\/wp-json\/wp\/v2\/posts\/8365"}],"collection":[{"href":"https:\/\/www.opuzen.hr\/grad\/wp-json\/wp\/v2\/posts"}],"about":[{"href":"https:\/\/www.opuzen.hr\/grad\/wp-json\/wp\/v2\/types\/post"}],"author":[{"embeddable":true,"href":"https:\/\/www.opuzen.hr\/grad\/wp-json\/wp\/v2\/users\/3"}],"replies":[{"embeddable":true,"href":"https:\/\/www.opuzen.hr\/grad\/wp-json\/wp\/v2\/comments?post=8365"}],"version-history":[{"count":1,"href":"https:\/\/www.opuzen.hr\/grad\/wp-json\/wp\/v2\/posts\/8365\/revisions"}],"predecessor-version":[{"id":8367,"href":"https:\/\/www.opuzen.hr\/grad\/wp-json\/wp\/v2\/posts\/8365\/revisions\/8367"}],"wp:featuredmedia":[{"embeddable":true,"href":"https:\/\/www.opuzen.hr\/grad\/wp-json\/wp\/v2\/media\/8366"}],"wp:attachment":[{"href":"https:\/\/www.opuzen.hr\/grad\/wp-json\/wp\/v2\/media?parent=8365"}],"wp:term":[{"taxonomy":"category","embeddable":true,"href":"https:\/\/www.opuzen.hr\/grad\/wp-json\/wp\/v2\/categories?post=8365"},{"taxonomy":"post_tag","embeddable":true,"href":"https:\/\/www.opuzen.hr\/grad\/wp-json\/wp\/v2\/tags?post=8365"}],"curies":[{"name":"wp","href":"https:\/\/api.w.org\/{rel}","templated":true}]}}