{"id":8375,"date":"2021-07-01T14:59:09","date_gmt":"2021-07-01T12:59:09","guid":{"rendered":"https:\/\/www.opuzen.hr\/grad\/?p=8375"},"modified":"2023-10-12T13:27:09","modified_gmt":"2023-10-12T11:27:09","slug":"program-opuzenskog-lita-2021","status":"publish","type":"post","link":"https:\/\/www.opuzen.hr\/grad\/program-opuzenskog-lita-2021\/","title":{"rendered":"Program Opuzenskog lita 2021."},"content":{"rendered":"<p>U organizaciji Grada Opuzena i Turisti\u010dke zajednice grada Opuzena zapo\u010delo je Opuzensko lito.<\/p>\n<p>Napominjemo da su, obzirom na trenuta\u010dnu situaciju, mogu\u0107e izmjene i otkazivanja doga\u0111aja te da \u0107e se program odvijati u skladu sa epidemiolo\u0161kim preporukama.<\/p>\n<p>Program mo\u017eete preuzeti putem priloga sadr\u017eaju.<\/p>\n<p>&nbsp;<\/p>\n<p><strong>Prilog sadr\u017eaju: <\/strong><\/p>\n<p><a href=\"https:\/\/drive.google.com\/file\/d\/1pkGo7KFyr8ub-N5hkjTee3OO_wFAGUaO\/view?usp=sharing\">* Program Opuzenskog lita 2021.<\/a><\/p>\n","protected":false},"excerpt":{"rendered":"<p>U organizaciji Grada Opuzena i Turisti\u010dke zajednice grada Opuzena zapo\u010delo je Opuzensko lito. Napominjemo da&#8230;<\/p>\n","protected":false},"author":3,"featured_media":26,"comment_status":"closed","ping_status":"closed","sticky":false,"template":"","format":"standard","meta":{"footnotes":""},"categories":[4,3,392],"tags":[],"class_list":["post-8375","post","type-post","status-publish","format-standard","has-post-thumbnail","hentry","category-novosti","category-obavijesti-gradanima","category-opuzensko-lito-2021","wpcat-4-id","wpcat-3-id","wpcat-392-id"],"yoast_head":"<!-- This site is optimized with the Yoast SEO plugin v23.1 - https:\/\/yoast.com\/wordpress\/plugins\/seo\/ -->\n<title>Program Opuzenskog lita 2021. - Grad Opuzen<\/title>\n<meta name=\"robots\" content=\"index, follow, max-snippet:-1, max-image-preview:large, max-video-preview:-1\" \/>\n<link rel=\"canonical\" href=\"https:\/\/www.opuzen.hr\/grad\/program-opuzenskog-lita-2021\/\" \/>\n<meta property=\"og:locale\" content=\"hr_HR\" \/>\n<meta property=\"og:type\" content=\"article\" \/>\n<meta property=\"og:title\" content=\"Program Opuzenskog lita 2021. - Grad Opuzen\" \/>\n<meta property=\"og:description\" content=\"U organizaciji Grada Opuzena i Turisti\u010dke zajednice grada Opuzena zapo\u010delo je Opuzensko lito. Napominjemo da...\" \/>\n<meta property=\"og:url\" content=\"https:\/\/www.opuzen.hr\/grad\/program-opuzenskog-lita-2021\/\" \/>\n<meta property=\"og:site_name\" content=\"Grad Opuzen\" \/>\n<meta property=\"article:published_time\" content=\"2021-07-01T12:59:09+00:00\" \/>\n<meta property=\"article:modified_time\" content=\"2023-10-12T11:27:09+00:00\" \/>\n<meta property=\"og:image\" content=\"https:\/\/www.opuzen.hr\/grad\/wp-content\/uploads\/2018\/02\/grado-opuzen-foto-2.jpg\" \/>\n\t<meta property=\"og:image:width\" content=\"960\" \/>\n\t<meta property=\"og:image:height\" content=\"719\" \/>\n\t<meta property=\"og:image:type\" content=\"image\/jpeg\" \/>\n<meta name=\"author\" content=\"Grad Opuzen\" \/>\n<meta name=\"twitter:card\" content=\"summary_large_image\" \/>\n<meta name=\"twitter:label1\" content=\"Napisao\/la\" \/>\n\t<meta name=\"twitter:data1\" content=\"Grad Opuzen\" \/>\n<script type=\"application\/ld+json\" class=\"yoast-schema-graph\">{\"@context\":\"https:\/\/schema.org\",\"@graph\":[{\"@type\":\"Article\",\"@id\":\"https:\/\/www.opuzen.hr\/grad\/program-opuzenskog-lita-2021\/#article\",\"isPartOf\":{\"@id\":\"https:\/\/www.opuzen.hr\/grad\/program-opuzenskog-lita-2021\/\"},\"author\":{\"name\":\"Grad Opuzen\",\"@id\":\"https:\/\/www.opuzen.hr\/grad\/#\/schema\/person\/0a17a9796898e9409a1fa4ca7448a481\"},\"headline\":\"Program Opuzenskog lita 2021.\",\"datePublished\":\"2021-07-01T12:59:09+00:00\",\"dateModified\":\"2023-10-12T11:27:09+00:00\",\"mainEntityOfPage\":{\"@id\":\"https:\/\/www.opuzen.hr\/grad\/program-opuzenskog-lita-2021\/\"},\"wordCount\":60,\"publisher\":{\"@id\":\"https:\/\/www.opuzen.hr\/grad\/#organization\"},\"image\":{\"@id\":\"https:\/\/www.opuzen.hr\/grad\/program-opuzenskog-lita-2021\/#primaryimage\"},\"thumbnailUrl\":\"https:\/\/www.opuzen.hr\/grad\/wp-content\/uploads\/2018\/02\/grado-opuzen-foto-2.jpg\",\"articleSection\":[\"Novosti\",\"Obavijesti gra\u0111anima\",\"Opuzensko lito 2021.\"],\"inLanguage\":\"hr\"},{\"@type\":\"WebPage\",\"@id\":\"https:\/\/www.opuzen.hr\/grad\/program-opuzenskog-lita-2021\/\",\"url\":\"https:\/\/www.opuzen.hr\/grad\/program-opuzenskog-lita-2021\/\",\"name\":\"Program Opuzenskog lita 2021. - Grad Opuzen\",\"isPartOf\":{\"@id\":\"https:\/\/www.opuzen.hr\/grad\/#website\"},\"primaryImageOfPage\":{\"@id\":\"https:\/\/www.opuzen.hr\/grad\/program-opuzenskog-lita-2021\/#primaryimage\"},\"image\":{\"@id\":\"https:\/\/www.opuzen.hr\/grad\/program-opuzenskog-lita-2021\/#primaryimage\"},\"thumbnailUrl\":\"https:\/\/www.opuzen.hr\/grad\/wp-content\/uploads\/2018\/02\/grado-opuzen-foto-2.jpg\",\"datePublished\":\"2021-07-01T12:59:09+00:00\",\"dateModified\":\"2023-10-12T11:27:09+00:00\",\"breadcrumb\":{\"@id\":\"https:\/\/www.opuzen.hr\/grad\/program-opuzenskog-lita-2021\/#breadcrumb\"},\"inLanguage\":\"hr\",\"potentialAction\":[{\"@type\":\"ReadAction\",\"target\":[\"https:\/\/www.opuzen.hr\/grad\/program-opuzenskog-lita-2021\/\"]}]},{\"@type\":\"ImageObject\",\"inLanguage\":\"hr\",\"@id\":\"https:\/\/www.opuzen.hr\/grad\/program-opuzenskog-lita-2021\/#primaryimage\",\"url\":\"https:\/\/www.opuzen.hr\/grad\/wp-content\/uploads\/2018\/02\/grado-opuzen-foto-2.jpg\",\"contentUrl\":\"https:\/\/www.opuzen.hr\/grad\/wp-content\/uploads\/2018\/02\/grado-opuzen-foto-2.jpg\",\"width\":960,\"height\":719},{\"@type\":\"BreadcrumbList\",\"@id\":\"https:\/\/www.opuzen.hr\/grad\/program-opuzenskog-lita-2021\/#breadcrumb\",\"itemListElement\":[{\"@type\":\"ListItem\",\"position\":1,\"name\":\"Po\u010detna stranica\",\"item\":\"https:\/\/www.opuzen.hr\/grad\/\"},{\"@type\":\"ListItem\",\"position\":2,\"name\":\"Program Opuzenskog lita 2021.\"}]},{\"@type\":\"WebSite\",\"@id\":\"https:\/\/www.opuzen.hr\/grad\/#website\",\"url\":\"https:\/\/www.opuzen.hr\/grad\/\",\"name\":\"Grad Opuzen\",\"description\":\"Slu\u017ebene mre\u017ene stranice Grada Opuzena\",\"publisher\":{\"@id\":\"https:\/\/www.opuzen.hr\/grad\/#organization\"},\"potentialAction\":[{\"@type\":\"SearchAction\",\"target\":{\"@type\":\"EntryPoint\",\"urlTemplate\":\"https:\/\/www.opuzen.hr\/grad\/?s={search_term_string}\"},\"query-input\":\"required name=search_term_string\"}],\"inLanguage\":\"hr\"},{\"@type\":\"Organization\",\"@id\":\"https:\/\/www.opuzen.hr\/grad\/#organization\",\"name\":\"Grad Opuzen\",\"url\":\"https:\/\/www.opuzen.hr\/grad\/\",\"logo\":{\"@type\":\"ImageObject\",\"inLanguage\":\"hr\",\"@id\":\"https:\/\/www.opuzen.hr\/grad\/#\/schema\/logo\/image\/\",\"url\":\"https:\/\/www.opuzen.hr\/grad\/wp-content\/uploads\/2018\/02\/logo-opuzen.jpg\",\"contentUrl\":\"https:\/\/www.opuzen.hr\/grad\/wp-content\/uploads\/2018\/02\/logo-opuzen.jpg\",\"width\":400,\"height\":400,\"caption\":\"Grad Opuzen\"},\"image\":{\"@id\":\"https:\/\/www.opuzen.hr\/grad\/#\/schema\/logo\/image\/\"}},{\"@type\":\"Person\",\"@id\":\"https:\/\/www.opuzen.hr\/grad\/#\/schema\/person\/0a17a9796898e9409a1fa4ca7448a481\",\"name\":\"Grad Opuzen\",\"image\":{\"@type\":\"ImageObject\",\"inLanguage\":\"hr\",\"@id\":\"https:\/\/www.opuzen.hr\/grad\/#\/schema\/person\/image\/\",\"url\":\"https:\/\/secure.gravatar.com\/avatar\/0c54089de4fcf14c0fe3355109a3ac05?s=96&d=mm&r=g\",\"contentUrl\":\"https:\/\/secure.gravatar.com\/avatar\/0c54089de4fcf14c0fe3355109a3ac05?s=96&d=mm&r=g\",\"caption\":\"Grad Opuzen\"},\"url\":\"https:\/\/www.opuzen.hr\/grad\/author\/admin\/\"}]}<\/script>\n<!-- \/ Yoast SEO plugin. -->","yoast_head_json":{"title":"Program Opuzenskog lita 2021. - Grad Opuzen","robots":{"index":"index","follow":"follow","max-snippet":"max-snippet:-1","max-image-preview":"max-image-preview:large","max-video-preview":"max-video-preview:-1"},"canonical":"https:\/\/www.opuzen.hr\/grad\/program-opuzenskog-lita-2021\/","og_locale":"hr_HR","og_type":"article","og_title":"Program Opuzenskog lita 2021. - Grad Opuzen","og_description":"U organizaciji Grada Opuzena i Turisti\u010dke zajednice grada Opuzena zapo\u010delo je Opuzensko lito. Napominjemo da...","og_url":"https:\/\/www.opuzen.hr\/grad\/program-opuzenskog-lita-2021\/","og_site_name":"Grad Opuzen","article_published_time":"2021-07-01T12:59:09+00:00","article_modified_time":"2023-10-12T11:27:09+00:00","og_image":[{"width":960,"height":719,"url":"https:\/\/www.opuzen.hr\/grad\/wp-content\/uploads\/2018\/02\/grado-opuzen-foto-2.jpg","type":"image\/jpeg"}],"author":"Grad Opuzen","twitter_card":"summary_large_image","twitter_misc":{"Napisao\/la":"Grad Opuzen"},"schema":{"@context":"https:\/\/schema.org","@graph":[{"@type":"Article","@id":"https:\/\/www.opuzen.hr\/grad\/program-opuzenskog-lita-2021\/#article","isPartOf":{"@id":"https:\/\/www.opuzen.hr\/grad\/program-opuzenskog-lita-2021\/"},"author":{"name":"Grad Opuzen","@id":"https:\/\/www.opuzen.hr\/grad\/#\/schema\/person\/0a17a9796898e9409a1fa4ca7448a481"},"headline":"Program Opuzenskog lita 2021.","datePublished":"2021-07-01T12:59:09+00:00","dateModified":"2023-10-12T11:27:09+00:00","mainEntityOfPage":{"@id":"https:\/\/www.opuzen.hr\/grad\/program-opuzenskog-lita-2021\/"},"wordCount":60,"publisher":{"@id":"https:\/\/www.opuzen.hr\/grad\/#organization"},"image":{"@id":"https:\/\/www.opuzen.hr\/grad\/program-opuzenskog-lita-2021\/#primaryimage"},"thumbnailUrl":"https:\/\/www.opuzen.hr\/grad\/wp-content\/uploads\/2018\/02\/grado-opuzen-foto-2.jpg","articleSection":["Novosti","Obavijesti gra\u0111anima","Opuzensko lito 2021."],"inLanguage":"hr"},{"@type":"WebPage","@id":"https:\/\/www.opuzen.hr\/grad\/program-opuzenskog-lita-2021\/","url":"https:\/\/www.opuzen.hr\/grad\/program-opuzenskog-lita-2021\/","name":"Program Opuzenskog lita 2021. - Grad Opuzen","isPartOf":{"@id":"https:\/\/www.opuzen.hr\/grad\/#website"},"primaryImageOfPage":{"@id":"https:\/\/www.opuzen.hr\/grad\/program-opuzenskog-lita-2021\/#primaryimage"},"image":{"@id":"https:\/\/www.opuzen.hr\/grad\/program-opuzenskog-lita-2021\/#primaryimage"},"thumbnailUrl":"https:\/\/www.opuzen.hr\/grad\/wp-content\/uploads\/2018\/02\/grado-opuzen-foto-2.jpg","datePublished":"2021-07-01T12:59:09+00:00","dateModified":"2023-10-12T11:27:09+00:00","breadcrumb":{"@id":"https:\/\/www.opuzen.hr\/grad\/program-opuzenskog-lita-2021\/#breadcrumb"},"inLanguage":"hr","potentialAction":[{"@type":"ReadAction","target":["https:\/\/www.opuzen.hr\/grad\/program-opuzenskog-lita-2021\/"]}]},{"@type":"ImageObject","inLanguage":"hr","@id":"https:\/\/www.opuzen.hr\/grad\/program-opuzenskog-lita-2021\/#primaryimage","url":"https:\/\/www.opuzen.hr\/grad\/wp-content\/uploads\/2018\/02\/grado-opuzen-foto-2.jpg","contentUrl":"https:\/\/www.opuzen.hr\/grad\/wp-content\/uploads\/2018\/02\/grado-opuzen-foto-2.jpg","width":960,"height":719},{"@type":"BreadcrumbList","@id":"https:\/\/www.opuzen.hr\/grad\/program-opuzenskog-lita-2021\/#breadcrumb","itemListElement":[{"@type":"ListItem","position":1,"name":"Po\u010detna stranica","item":"https:\/\/www.opuzen.hr\/grad\/"},{"@type":"ListItem","position":2,"name":"Program Opuzenskog lita 2021."}]},{"@type":"WebSite","@id":"https:\/\/www.opuzen.hr\/grad\/#website","url":"https:\/\/www.opuzen.hr\/grad\/","name":"Grad Opuzen","description":"Slu\u017ebene mre\u017ene stranice Grada Opuzena","publisher":{"@id":"https:\/\/www.opuzen.hr\/grad\/#organization"},"potentialAction":[{"@type":"SearchAction","target":{"@type":"EntryPoint","urlTemplate":"https:\/\/www.opuzen.hr\/grad\/?s={search_term_string}"},"query-input":"required name=search_term_string"}],"inLanguage":"hr"},{"@type":"Organization","@id":"https:\/\/www.opuzen.hr\/grad\/#organization","name":"Grad Opuzen","url":"https:\/\/www.opuzen.hr\/grad\/","logo":{"@type":"ImageObject","inLanguage":"hr","@id":"https:\/\/www.opuzen.hr\/grad\/#\/schema\/logo\/image\/","url":"https:\/\/www.opuzen.hr\/grad\/wp-content\/uploads\/2018\/02\/logo-opuzen.jpg","contentUrl":"https:\/\/www.opuzen.hr\/grad\/wp-content\/uploads\/2018\/02\/logo-opuzen.jpg","width":400,"height":400,"caption":"Grad Opuzen"},"image":{"@id":"https:\/\/www.opuzen.hr\/grad\/#\/schema\/logo\/image\/"}},{"@type":"Person","@id":"https:\/\/www.opuzen.hr\/grad\/#\/schema\/person\/0a17a9796898e9409a1fa4ca7448a481","name":"Grad Opuzen","image":{"@type":"ImageObject","inLanguage":"hr","@id":"https:\/\/www.opuzen.hr\/grad\/#\/schema\/person\/image\/","url":"https:\/\/secure.gravatar.com\/avatar\/0c54089de4fcf14c0fe3355109a3ac05?s=96&d=mm&r=g","contentUrl":"https:\/\/secure.gravatar.com\/avatar\/0c54089de4fcf14c0fe3355109a3ac05?s=96&d=mm&r=g","caption":"Grad Opuzen"},"url":"https:\/\/www.opuzen.hr\/grad\/author\/admin\/"}]}},"_links":{"self":[{"href":"https:\/\/www.opuzen.hr\/grad\/wp-json\/wp\/v2\/posts\/8375"}],"collection":[{"href":"https:\/\/www.opuzen.hr\/grad\/wp-json\/wp\/v2\/posts"}],"about":[{"href":"https:\/\/www.opuzen.hr\/grad\/wp-json\/wp\/v2\/types\/post"}],"author":[{"embeddable":true,"href":"https:\/\/www.opuzen.hr\/grad\/wp-json\/wp\/v2\/users\/3"}],"replies":[{"embeddable":true,"href":"https:\/\/www.opuzen.hr\/grad\/wp-json\/wp\/v2\/comments?post=8375"}],"version-history":[{"count":4,"href":"https:\/\/www.opuzen.hr\/grad\/wp-json\/wp\/v2\/posts\/8375\/revisions"}],"predecessor-version":[{"id":8380,"href":"https:\/\/www.opuzen.hr\/grad\/wp-json\/wp\/v2\/posts\/8375\/revisions\/8380"}],"wp:featuredmedia":[{"embeddable":true,"href":"https:\/\/www.opuzen.hr\/grad\/wp-json\/wp\/v2\/media\/26"}],"wp:attachment":[{"href":"https:\/\/www.opuzen.hr\/grad\/wp-json\/wp\/v2\/media?parent=8375"}],"wp:term":[{"taxonomy":"category","embeddable":true,"href":"https:\/\/www.opuzen.hr\/grad\/wp-json\/wp\/v2\/categories?post=8375"},{"taxonomy":"post_tag","embeddable":true,"href":"https:\/\/www.opuzen.hr\/grad\/wp-json\/wp\/v2\/tags?post=8375"}],"curies":[{"name":"wp","href":"https:\/\/api.w.org\/{rel}","templated":true}]}}